{"id":20856,"date":"2026-09-02T18:49:47","date_gmt":"2026-09-02T23:49:47","guid":{"rendered":"https:\/\/luisvaltierranoticias.com\/?p=20856"},"modified":"2026-09-02T18:49:52","modified_gmt":"2026-09-02T23:49:52","slug":"invitan-a-ninas-ninos-y-jovenes-a-torneo-de-ajedrez-dia-de-la-independencia","status":"publish","type":"post","link":"https:\/\/luisvaltierranoticias.com\/?p=20856","title":{"rendered":"Invitan a ni\u00f1as, ni\u00f1os y j\u00f3venes a torneo de ajedrez \u201cD\u00eda de la Independencia\u201d"},"content":{"rendered":"\n<p class=\"wp-block-paragraph\">Por: Fernanda Valtierra | #NuevoLaredo #Laredo #NLD #Tamaulipas<\/p>\n\n\n\n<p class=\"wp-block-paragraph\">Nuevo Laredo, Tamaulipas.\u2014 Con el prop\u00f3sito de fomentar el deporte y ofrecer a las nuevas generaciones espacios de sana convivencia, el Gobierno Municipal de Nuevo Laredo lanz\u00f3 la convocatoria para participar en el Torneo de Ajedrez \u201cD\u00eda de la Independencia\u201d.<\/p>\n\n\n\n<p class=\"wp-block-paragraph\">La competencia, impulsada por la administraci\u00f3n de la presidenta municipal Carmen Lilia Canturosas Villarreal, se desarrollar\u00e1 el pr\u00f3ximo 19 de septiembre, de las 9:00 de la ma\u00f1ana a las 5:00 de la tarde, en el Gimnasio Nuevo de la Unidad Deportiva Lic. Benito Ju\u00e1rez.<\/p>\n\n\n\n<p class=\"wp-block-paragraph\">El encuentro es organizado por la Secretar\u00eda de Educaci\u00f3n, Cultura y Deporte, a trav\u00e9s de la Direcci\u00f3n de Cultura F\u00edsica y Deporte, y busca reunir a estudiantes interesados en poner a prueba sus capacidades frente al tablero.<\/p>\n\n\n\n<p class=\"wp-block-paragraph\">La convocatoria est\u00e1 dirigida a participantes de las categor\u00edas Primaria y Secundaria, tanto en la rama Femenil como Varonil.<\/p>\n\n\n\n<p class=\"wp-block-paragraph\">Adem\u00e1s de promover la pr\u00e1ctica del ajedrez, el torneo busca fortalecer entre los participantes habilidades como la concentraci\u00f3n, el an\u00e1lisis y el pensamiento estrat\u00e9gico, as\u00ed como valores relacionados con la disciplina, el respeto y la sana competencia.<\/p>\n\n\n\n<p class=\"wp-block-paragraph\">Para formalizar el registro, los participantes deber\u00e1n presentar la c\u00e9dula de inscripci\u00f3n, una carta responsiva individual o grupal y copia de la INE de la persona que firme dicha responsiva.<\/p>\n\n\n\n<p class=\"wp-block-paragraph\">Las familias y estudiantes interesados pueden solicitar mayores informes o realizar su inscripci\u00f3n a trav\u00e9s del n\u00famero telef\u00f3nico 867 719 47 82.<\/p>\n\n\n\n<p class=\"wp-block-paragraph\">Con este tipo de actividades, el Gobierno Municipal busca ampliar las opciones deportivas para ni\u00f1as, ni\u00f1os y j\u00f3venes, al tiempo que genera espacios donde puedan desarrollar sus habilidades, convivir y descubrir nuevas disciplinas.<\/p>\n\n\n\n<p class=\"wp-block-paragraph\">La invitaci\u00f3n permanece abierta para quienes deseen formar parte de esta jornada deportiva y celebrar, desde el ajedrez, el esp\u00edritu de las fiestas patrias.<\/p>\n","protected":false},"excerpt":{"rendered":"<p>Por: Fernanda Valtierra | #NuevoLaredo #Laredo #NLD #Tamaulipas Nuevo Laredo, Tamaulipas.\u2014 Con el prop\u00f3sito de fomentar el deporte y ofrecer a las nuevas generaciones espacios de sana convivencia, el Gobierno Municipal de Nuevo Laredo lanz\u00f3 la convocatoria para participar en el Torneo de Ajedrez \u201cD\u00eda de la Independencia\u201d. La competencia, impulsada por la administraci\u00f3n de [&hellip;]<\/p>\n","protected":false},"author":1,"featured_media":20857,"comment_status":"open","ping_status":"open","sticky":false,"template":"","format":"standard","meta":{"footnotes":""},"categories":[31],"tags":[],"class_list":["post-20856","post","type-post","status-publish","format-standard","has-post-thumbnail","category-nuevo-laredo"],"amp_enabled":true,"_links":{"self":[{"href":"https:\/\/luisvaltierranoticias.com\/index.php?rest_route=\/wp\/v2\/posts\/20856","targetHints":{"allow":["GET"]}}],"collection":[{"href":"https:\/\/luisvaltierranoticias.com\/index.php?rest_route=\/wp\/v2\/posts"}],"about":[{"href":"https:\/\/luisvaltierranoticias.com\/index.php?rest_route=\/wp\/v2\/types\/post"}],"author":[{"embeddable":true,"href":"https:\/\/luisvaltierranoticias.com\/index.php?rest_route=\/wp\/v2\/users\/1"}],"replies":[{"embeddable":true,"href":"https:\/\/luisvaltierranoticias.com\/index.php?rest_route=%2Fwp%2Fv2%2Fcomments&post=20856"}],"version-history":[{"count":1,"href":"https:\/\/luisvaltierranoticias.com\/index.php?rest_route=\/wp\/v2\/posts\/20856\/revisions"}],"predecessor-version":[{"id":20858,"href":"https:\/\/luisvaltierranoticias.com\/index.php?rest_route=\/wp\/v2\/posts\/20856\/revisions\/20858"}],"wp:featuredmedia":[{"embeddable":true,"href":"https:\/\/luisvaltierranoticias.com\/index.php?rest_route=\/wp\/v2\/media\/20857"}],"wp:attachment":[{"href":"https:\/\/luisvaltierranoticias.com\/index.php?rest_route=%2Fwp%2Fv2%2Fmedia&parent=20856"}],"wp:term":[{"taxonomy":"category","embeddable":true,"href":"https:\/\/luisvaltierranoticias.com\/index.php?rest_route=%2Fwp%2Fv2%2Fcategories&post=20856"},{"taxonomy":"post_tag","embeddable":true,"href":"https:\/\/luisvaltierranoticias.com\/index.php?rest_route=%2Fwp%2Fv2%2Ftags&post=20856"}],"curies":[{"name":"wp","href":"https:\/\/api.w.org\/{rel}","templated":true}]}}