{"id":20852,"date":"2026-09-01T18:08:14","date_gmt":"2026-09-01T23:08:14","guid":{"rendered":"https:\/\/luisvaltierranoticias.com\/?p=20852"},"modified":"2026-09-01T18:08:19","modified_gmt":"2026-09-01T23:08:19","slug":"nueva-ruta-aerea-conectara-a-nuevo-laredo-con-tampico-y-cancun-a-partir-de-noviembre","status":"publish","type":"post","link":"https:\/\/luisvaltierranoticias.com\/?p=20852","title":{"rendered":"Nueva ruta a\u00e9rea conectar\u00e1 a Nuevo Laredo con Tampico y Canc\u00fan a partir de noviembre"},"content":{"rendered":"\n<p class=\"wp-block-paragraph\">Por: Luis Valtierra | #NuevoLaredo #Laredo #NLD #Tamaulipas<\/p>\n\n\n\n<p class=\"wp-block-paragraph\">Nuevo Laredo, Tamaulipas.- Nuevo Laredo contar\u00e1 a partir de noviembre con una nueva alternativa de conectividad a\u00e9rea hacia el sur de Tamaulipas y uno de los principales destinos tur\u00edsticos del pa\u00eds.<\/p>\n\n\n\n<p class=\"wp-block-paragraph\">La presidenta municipal Carmen Lilia Canturosas Villarreal anunci\u00f3 la incorporaci\u00f3n de la ruta Nuevo Laredo-Tampico-Canc\u00fan, operada por Viva Aerobus, que comenzar\u00e1 a funcionar el pr\u00f3ximo 14 de noviembre, con vuelos programados los martes y s\u00e1bados.<\/p>\n\n\n\n<p class=\"wp-block-paragraph\">La nueva conexi\u00f3n permitir\u00e1 enlazar directamente a la frontera con la zona sur de Tamaulipas y, mediante la misma aeronave, continuar el trayecto hacia Canc\u00fan. Los pasajeros que tengan como destino final el Caribe mexicano no tendr\u00e1n que cambiar de avi\u00f3n durante la escala en Tampico.<\/p>\n\n\n\n<p class=\"wp-block-paragraph\">\u201cNo estamos anunciando solamente un nuevo vuelo. Estamos haciendo m\u00e1s f\u00e1cil movernos dentro de Tamaulipas, acercando la frontera con el puerto y, al mismo tiempo, abriendo para Nuevo Laredo una nueva puerta hacia Canc\u00fan y el Caribe mexicano\u201d, se\u00f1al\u00f3 Canturosas Villarreal.<\/p>\n\n\n\n<p class=\"wp-block-paragraph\">Uno de los principales beneficios ser\u00e1 la reducci\u00f3n considerable en los tiempos de traslado entre el norte y el sur del estado. El recorrido a\u00e9reo entre Nuevo Laredo y Tampico tendr\u00e1 una duraci\u00f3n aproximada de una hora con 20 minutos, mientras que por carretera el trayecto puede superar las ocho horas.<\/p>\n\n\n\n<p class=\"wp-block-paragraph\">La conexi\u00f3n tambi\u00e9n funcionar\u00e1 en sentido contrario. Habitantes de Tampico, Ciudad Madero, Altamira y municipios de esa regi\u00f3n tendr\u00e1n una nueva opci\u00f3n para trasladarse hasta Nuevo Laredo sin realizar el largo recorrido terrestre.<\/p>\n\n\n\n<p class=\"wp-block-paragraph\">La alcaldesa consider\u00f3 que la ruta puede generar beneficios tanto para quienes viajan por motivos personales como para empresarios, profesionistas y turistas.<\/p>\n\n\n\n<p class=\"wp-block-paragraph\">\u201cEstamos haciendo m\u00e1s peque\u00f1o a Tamaulipas en tiempos de traslado y m\u00e1s grande en oportunidades. Para las familias significa estar m\u00e1s cerca; para empresarios y profesionistas, ahorrar horas de camino; y para quienes quieren viajar a Canc\u00fan, contar con una alternativa mucho m\u00e1s c\u00f3moda desde nuestra propia ciudad\u201d, afirm\u00f3.<\/p>\n\n\n\n<p class=\"wp-block-paragraph\">La conexi\u00f3n adquiere relevancia por enlazar dos zonas con actividades econ\u00f3micas distintas, pero complementarias. Por un lado, Nuevo Laredo concentra una importante actividad relacionada con el comercio exterior y la log\u00edstica fronteriza; por el otro, Tampico y su zona conurbada mantienen una fuerte presencia portuaria, industrial y tur\u00edstica.<\/p>\n\n\n\n<p class=\"wp-block-paragraph\">Adem\u00e1s, el enlace con Canc\u00fan ampl\u00eda las opciones de viaje para los habitantes de Nuevo Laredo y la regi\u00f3n fronteriza que buscan trasladarse hacia uno de los principales destinos tur\u00edsticos de M\u00e9xico.<\/p>\n\n\n\n<p class=\"wp-block-paragraph\">Canturosas Villarreal reconoci\u00f3 la disposici\u00f3n de Viva Aerobus para ampliar la conectividad de Nuevo Laredo y destac\u00f3 el respaldo del gobernador Am\u00e9rico Villarreal Anaya a proyectos relacionados con movilidad y competitividad regional.<\/p>\n\n\n\n<p class=\"wp-block-paragraph\">La nueva ruta se incorpora a las alternativas de transporte disponibles desde la frontera y representa un intento por fortalecer la conectividad a\u00e9rea de Nuevo Laredo, un aspecto considerado relevante para atraer visitantes, facilitar viajes de negocios y mejorar la comunicaci\u00f3n con otras regiones del pa\u00eds.<\/p>\n\n\n\n<p class=\"wp-block-paragraph\">\u201cCuando Nuevo Laredo se conecta, Tamaulipas avanza. Hoy estamos acortando distancias dentro de nuestro estado y abriendo nuevas oportunidades para llegar m\u00e1s lejos\u201d, concluy\u00f3 la presidenta municipal.<\/p>\n","protected":false},"excerpt":{"rendered":"<p>Por: Luis Valtierra | #NuevoLaredo #Laredo #NLD #Tamaulipas Nuevo Laredo, Tamaulipas.- Nuevo Laredo contar\u00e1 a partir de noviembre con una nueva alternativa de conectividad a\u00e9rea hacia el sur de Tamaulipas y uno de los principales destinos tur\u00edsticos del pa\u00eds. La presidenta municipal Carmen Lilia Canturosas Villarreal anunci\u00f3 la incorporaci\u00f3n de la ruta Nuevo Laredo-Tampico-Canc\u00fan, operada [&hellip;]<\/p>\n","protected":false},"author":1,"featured_media":20853,"comment_status":"open","ping_status":"open","sticky":false,"template":"","format":"standard","meta":{"footnotes":""},"categories":[59,31],"tags":[],"class_list":["post-20852","post","type-post","status-publish","format-standard","has-post-thumbnail","category-destacado","category-nuevo-laredo"],"amp_enabled":true,"_links":{"self":[{"href":"https:\/\/luisvaltierranoticias.com\/index.php?rest_route=\/wp\/v2\/posts\/20852","targetHints":{"allow":["GET"]}}],"collection":[{"href":"https:\/\/luisvaltierranoticias.com\/index.php?rest_route=\/wp\/v2\/posts"}],"about":[{"href":"https:\/\/luisvaltierranoticias.com\/index.php?rest_route=\/wp\/v2\/types\/post"}],"author":[{"embeddable":true,"href":"https:\/\/luisvaltierranoticias.com\/index.php?rest_route=\/wp\/v2\/users\/1"}],"replies":[{"embeddable":true,"href":"https:\/\/luisvaltierranoticias.com\/index.php?rest_route=%2Fwp%2Fv2%2Fcomments&post=20852"}],"version-history":[{"count":1,"href":"https:\/\/luisvaltierranoticias.com\/index.php?rest_route=\/wp\/v2\/posts\/20852\/revisions"}],"predecessor-version":[{"id":20854,"href":"https:\/\/luisvaltierranoticias.com\/index.php?rest_route=\/wp\/v2\/posts\/20852\/revisions\/20854"}],"wp:featuredmedia":[{"embeddable":true,"href":"https:\/\/luisvaltierranoticias.com\/index.php?rest_route=\/wp\/v2\/media\/20853"}],"wp:attachment":[{"href":"https:\/\/luisvaltierranoticias.com\/index.php?rest_route=%2Fwp%2Fv2%2Fmedia&parent=20852"}],"wp:term":[{"taxonomy":"category","embeddable":true,"href":"https:\/\/luisvaltierranoticias.com\/index.php?rest_route=%2Fwp%2Fv2%2Fcategories&post=20852"},{"taxonomy":"post_tag","embeddable":true,"href":"https:\/\/luisvaltierranoticias.com\/index.php?rest_route=%2Fwp%2Fv2%2Ftags&post=20852"}],"curies":[{"name":"wp","href":"https:\/\/api.w.org\/{rel}","templated":true}]}}