{"id":20846,"date":"2026-09-01T17:46:30","date_gmt":"2026-09-01T22:46:30","guid":{"rendered":"https:\/\/luisvaltierranoticias.com\/?p=20846"},"modified":"2026-09-01T17:46:36","modified_gmt":"2026-09-01T22:46:36","slug":"buscan-ordenar-colaboracion-entre-gobierno-municipal-y-asociaciones-civiles-de-nuevo-laredo","status":"publish","type":"post","link":"https:\/\/luisvaltierranoticias.com\/?p=20846","title":{"rendered":"Buscan ordenar colaboraci\u00f3n entre Gobierno Municipal y asociaciones civiles de Nuevo Laredo"},"content":{"rendered":"\n<p class=\"wp-block-paragraph\">Por: Luis Hern\u00e1ndez | #NuevoLaredo #Laredo #NLD #Tamaulipas<\/p>\n\n\n\n<p class=\"wp-block-paragraph\">Nuevo Laredo, Tamaulipas.- Con la intenci\u00f3n de establecer una coordinaci\u00f3n m\u00e1s organizada con las organizaciones de la sociedad civil, el Gobierno Municipal realiz\u00f3 la primera mesa de di\u00e1logo con clubes y asociaciones de Nuevo Laredo, encuentro en el que se plante\u00f3 la creaci\u00f3n de un padr\u00f3n municipal para identificar sus proyectos y facilitar el acompa\u00f1amiento institucional.<\/p>\n\n\n\n<p class=\"wp-block-paragraph\">En la reuni\u00f3n participaron representantes de 14 clubes y organizaciones, entre ellos integrantes de clubes Rotarios y de Leones, quienes expusieron las actividades que realizan en beneficio de distintos sectores de la poblaci\u00f3n.<\/p>\n\n\n\n<p class=\"wp-block-paragraph\">Las iniciativas abarcan temas como salud, educaci\u00f3n, atenci\u00f3n a adultos mayores, apoyo a j\u00f3venes, protecci\u00f3n del medio ambiente y asistencia comunitaria.<\/p>\n\n\n\n<p class=\"wp-block-paragraph\">La secretaria de Bienestar Social, Liliana Arjona Barocio, explic\u00f3 que el padr\u00f3n permitir\u00e1 conocer con anticipaci\u00f3n los proyectos de las organizaciones y establecer mecanismos de comunicaci\u00f3n que faciliten la participaci\u00f3n del Gobierno Municipal cuando sea necesario.<\/p>\n\n\n\n<p class=\"wp-block-paragraph\">\u201cDesde el Gobierno Municipal queremos reconocer y fortalecer el trabajo que realizan los clubes y asociaciones de nuestra ciudad. Este padr\u00f3n nos permitir\u00e1 conocer con mayor precisi\u00f3n sus proyectos, mantener una comunicaci\u00f3n permanente y, sobre todo, anticiparnos para sumar esfuerzos y lograr que cada una de estas acciones tenga un mayor impacto en beneficio de las familias de Nuevo Laredo\u201d, se\u00f1al\u00f3.<\/p>\n\n\n\n<p class=\"wp-block-paragraph\">Durante el encuentro se expusieron proyectos de distinta magnitud. Algunos tienen alcance vecinal, mientras otros implican la participaci\u00f3n de diferentes instituciones y sectores, como campa\u00f1as de vacunaci\u00f3n contra el virus del papiloma humano, jornadas de limpieza en el r\u00edo Bravo, apoyo a hospitales y recolecci\u00f3n de tapitas para contribuir a programas relacionados con la salud.<\/p>\n\n\n\n<p class=\"wp-block-paragraph\">La intenci\u00f3n del Ayuntamiento es que las asociaciones no trabajen de manera aislada cuando sus actividades requieran alg\u00fan tipo de respaldo institucional.<\/p>\n\n\n\n<p class=\"wp-block-paragraph\">De acuerdo con lo planteado durante la reuni\u00f3n, el acompa\u00f1amiento podr\u00eda incluir apoyo log\u00edstico, utilizaci\u00f3n de espacios p\u00fablicos, pr\u00e9stamo de equipo y coordinaci\u00f3n con \u00e1reas como Protecci\u00f3n Civil y Tr\u00e1nsito, dependiendo de las caracter\u00edsticas de cada proyecto.<\/p>\n\n\n\n<p class=\"wp-block-paragraph\">La funcionaria destac\u00f3 que la colaboraci\u00f3n entre autoridades y sociedad civil puede ampliar considerablemente el alcance de las acciones comunitarias.<\/p>\n\n\n\n<p class=\"wp-block-paragraph\">\u201cNi el gobierno solo ni las asociaciones solas pueden hacer lo que se hace cuando se trabaja en conjunto, con buenos resultados\u201d, sostuvo.<\/p>\n\n\n\n<p class=\"wp-block-paragraph\">Uno de los ejemplos recientes de esta coordinaci\u00f3n fue el Escuelet\u00f3n 2026, campa\u00f1a en la que ciudadanos y organizaciones participaron en la recolecci\u00f3n de materiales escolares. Como resultado, se reunieron m\u00e1s de 23 mil \u00fatiles destinados a estudiantes de Nuevo Laredo.<\/p>\n\n\n\n<p class=\"wp-block-paragraph\">El Gobierno Municipal busca utilizar este tipo de experiencias como punto de partida para establecer una relaci\u00f3n m\u00e1s permanente con las organizaciones y conocer con anticipaci\u00f3n las necesidades que puedan surgir durante la ejecuci\u00f3n de sus programas.<\/p>\n\n\n\n<p class=\"wp-block-paragraph\">Las asociaciones civiles interesadas en incorporarse al esquema pueden acudir a la Secretar\u00eda de Bienestar Social, ubicada en la Presidencia Municipal, de lunes a viernes, en horario de 8:00 de la ma\u00f1ana a 3:30 de la tarde, donde recibir\u00e1n informaci\u00f3n sobre el proceso de registro.<\/p>\n\n\n\n<p class=\"wp-block-paragraph\">La creaci\u00f3n del padr\u00f3n representa el primer paso de un esquema que pretende identificar qui\u00e9nes son, qu\u00e9 hacen y en qu\u00e9 sectores trabajan las organizaciones de la sociedad civil de Nuevo Laredo, con la finalidad de encontrar \u00e1reas donde gobierno y ciudadan\u00eda puedan coincidir.<\/p>\n\n\n\n<p class=\"wp-block-paragraph\">M\u00e1s que centralizar las acciones, el reto ser\u00e1 convertir esta nueva herramienta en un mecanismo de coordinaci\u00f3n efectiva que permita aprovechar mejor los recursos, evitar esfuerzos duplicados y ampliar el impacto de los proyectos comunitarios.<\/p>\n","protected":false},"excerpt":{"rendered":"<p>Por: Luis Hern\u00e1ndez | #NuevoLaredo #Laredo #NLD #Tamaulipas Nuevo Laredo, Tamaulipas.- Con la intenci\u00f3n de establecer una coordinaci\u00f3n m\u00e1s organizada con las organizaciones de la sociedad civil, el Gobierno Municipal realiz\u00f3 la primera mesa de di\u00e1logo con clubes y asociaciones de Nuevo Laredo, encuentro en el que se plante\u00f3 la creaci\u00f3n de un padr\u00f3n municipal [&hellip;]<\/p>\n","protected":false},"author":1,"featured_media":20847,"comment_status":"open","ping_status":"open","sticky":false,"template":"","format":"standard","meta":{"footnotes":""},"categories":[31],"tags":[],"class_list":["post-20846","post","type-post","status-publish","format-standard","has-post-thumbnail","category-nuevo-laredo"],"amp_enabled":true,"_links":{"self":[{"href":"https:\/\/luisvaltierranoticias.com\/index.php?rest_route=\/wp\/v2\/posts\/20846","targetHints":{"allow":["GET"]}}],"collection":[{"href":"https:\/\/luisvaltierranoticias.com\/index.php?rest_route=\/wp\/v2\/posts"}],"about":[{"href":"https:\/\/luisvaltierranoticias.com\/index.php?rest_route=\/wp\/v2\/types\/post"}],"author":[{"embeddable":true,"href":"https:\/\/luisvaltierranoticias.com\/index.php?rest_route=\/wp\/v2\/users\/1"}],"replies":[{"embeddable":true,"href":"https:\/\/luisvaltierranoticias.com\/index.php?rest_route=%2Fwp%2Fv2%2Fcomments&post=20846"}],"version-history":[{"count":1,"href":"https:\/\/luisvaltierranoticias.com\/index.php?rest_route=\/wp\/v2\/posts\/20846\/revisions"}],"predecessor-version":[{"id":20848,"href":"https:\/\/luisvaltierranoticias.com\/index.php?rest_route=\/wp\/v2\/posts\/20846\/revisions\/20848"}],"wp:featuredmedia":[{"embeddable":true,"href":"https:\/\/luisvaltierranoticias.com\/index.php?rest_route=\/wp\/v2\/media\/20847"}],"wp:attachment":[{"href":"https:\/\/luisvaltierranoticias.com\/index.php?rest_route=%2Fwp%2Fv2%2Fmedia&parent=20846"}],"wp:term":[{"taxonomy":"category","embeddable":true,"href":"https:\/\/luisvaltierranoticias.com\/index.php?rest_route=%2Fwp%2Fv2%2Fcategories&post=20846"},{"taxonomy":"post_tag","embeddable":true,"href":"https:\/\/luisvaltierranoticias.com\/index.php?rest_route=%2Fwp%2Fv2%2Ftags&post=20846"}],"curies":[{"name":"wp","href":"https:\/\/api.w.org\/{rel}","templated":true}]}}