{"id":20837,"date":"2026-08-31T18:20:54","date_gmt":"2026-08-31T23:20:54","guid":{"rendered":"https:\/\/luisvaltierranoticias.com\/?p=20837"},"modified":"2026-08-31T18:21:02","modified_gmt":"2026-08-31T23:21:02","slug":"arranca-tercer-ano-de-la-lxvi-legislatura-con-agenda-que-incluye-ia-seguridad-y-presupuesto","status":"publish","type":"post","link":"https:\/\/luisvaltierranoticias.com\/?p=20837","title":{"rendered":"Arranca tercer a\u00f1o de la LXVI Legislatura con agenda que incluye IA, seguridad y presupuesto"},"content":{"rendered":"\n<p class=\"wp-block-paragraph\">Por: Luis Valtierra | #NuevoLaredo #Laredo #NLD #Tamaulipas<\/p>\n\n\n\n<p class=\"wp-block-paragraph\">Ciudad de M\u00e9xico.- La C\u00e1mara de Diputados abrir\u00e1 este 1 de septiembre el Primer Periodo Ordinario de Sesiones del Tercer A\u00f1o de Ejercicio de la LXVI Legislatura, con una agenda que contempla reformas en materia de inteligencia artificial, combate a la corrupci\u00f3n, seguridad, educaci\u00f3n, protecci\u00f3n animal y pol\u00edtica econ\u00f3mica.<\/p>\n\n\n\n<p class=\"wp-block-paragraph\">El diputado federal Carlos Canturosas Villarreal adelant\u00f3 que uno de los asuntos que concentrar\u00e1n la atenci\u00f3n del Congreso ser\u00e1 la regulaci\u00f3n del uso de la inteligencia artificial, adem\u00e1s de un paquete anticorrupci\u00f3n que plantea modificaciones a m\u00e1s de 15 ordenamientos legales.<\/p>\n\n\n\n<p class=\"wp-block-paragraph\">El legislador sostuvo que el trabajo parlamentario debe traducirse en disposiciones que tengan un efecto concreto en la vida de los ciudadanos.<\/p>\n\n\n\n<p class=\"wp-block-paragraph\">\u201cCada iniciativa y cada reforma tienen como punto de partida a las personas. Se trata de que las leyes ayuden a proteger a las familias, den mayor certeza econ\u00f3mica, cuiden a nuestros j\u00f3venes, fortalezcan la seguridad, defiendan el patrimonio y los derechos de las y los mexicanos\u201d, afirm\u00f3.<\/p>\n\n\n\n<p class=\"wp-block-paragraph\">Otro de los temas previstos es la regulaci\u00f3n del uso de tel\u00e9fonos celulares y otros dispositivos electr\u00f3nicos en escuelas de educaci\u00f3n b\u00e1sica y media superior.<\/p>\n\n\n\n<p class=\"wp-block-paragraph\">La propuesta busca establecer reglas para el empleo de estos aparatos durante las clases, aunque contempla su utilizaci\u00f3n con fines pedag\u00f3gicos y excepciones relacionadas con emergencias, cuestiones de salud o necesidades educativas especiales.<\/p>\n\n\n\n<p class=\"wp-block-paragraph\">Canturosas Villarreal record\u00f3 que medidas similares han sido adoptadas en distintos estados de Estados Unidos, donde se han establecido restricciones o regulaciones para el uso de celulares dentro de los planteles educativos.<\/p>\n\n\n\n<p class=\"wp-block-paragraph\">Presupuesto y paquete econ\u00f3mico, entre los asuntos prioritarios<\/p>\n\n\n\n<p class=\"wp-block-paragraph\">La discusi\u00f3n econ\u00f3mica ser\u00e1 otro de los grandes temas del periodo legislativo. La C\u00e1mara de Diputados deber\u00e1 analizar los Criterios Generales de Pol\u00edtica Econ\u00f3mica, la Ley de Ingresos de la Federaci\u00f3n y el Proyecto de Presupuesto de Egresos de la Federaci\u00f3n, adem\u00e1s de las eventuales modificaciones fiscales que presente el Ejecutivo.<\/p>\n\n\n\n<p class=\"wp-block-paragraph\">En ese proceso se revisar\u00e1n variables como las expectativas de crecimiento, inflaci\u00f3n, tipo de cambio, tasas de inter\u00e9s, precio del petr\u00f3leo, ingresos p\u00fablicos, gasto gubernamental, d\u00e9ficit y deuda.<\/p>\n\n\n\n<p class=\"wp-block-paragraph\">Tambi\u00e9n se analizar\u00e1 la distribuci\u00f3n de los recursos federales entre dependencias, programas, proyectos y entidades federativas.<\/p>\n\n\n\n<p class=\"wp-block-paragraph\">El diputado record\u00f3 que corresponde exclusivamente a la C\u00e1mara de Diputados aprobar el Presupuesto de Egresos, mientras que la Ley de Ingresos debe ser revisada y aprobada por ambas c\u00e1maras del Congreso de la Uni\u00f3n.<\/p>\n\n\n\n<p class=\"wp-block-paragraph\">De acuerdo con los plazos establecidos, el Paquete Econ\u00f3mico 2027 deber\u00e1 ser entregado al Congreso a m\u00e1s tardar el 8 de septiembre, momento a partir del cual comenzar\u00e1 formalmente su an\u00e1lisis y discusi\u00f3n.<\/p>\n\n\n\n<p class=\"wp-block-paragraph\">En materia fiscal, Canturosas Villarreal afirm\u00f3 que no se contempla establecer un impuesto a las herencias y que se prev\u00e9 mantener el esquema fiscal vigente, con lo que busc\u00f3 enviar un mensaje de certidumbre a las familias.<\/p>\n\n\n\n<p class=\"wp-block-paragraph\">Seguridad, elecciones y protecci\u00f3n animal<\/p>\n\n\n\n<p class=\"wp-block-paragraph\">La agenda legislativa incluye tambi\u00e9n asuntos de car\u00e1cter constitucional y de seguridad.<\/p>\n\n\n\n<p class=\"wp-block-paragraph\">Entre ellos se encuentra una iniciativa para modificar los art\u00edculos 86, 116 y 122 de la Constituci\u00f3n, con el prop\u00f3sito de impedir que personas con doble nacionalidad puedan ocupar la Presidencia de la Rep\u00fablica, una gubernatura o la Jefatura de Gobierno de la Ciudad de M\u00e9xico, mediante la renuncia a cualquier otra ciudadan\u00eda como requisito.<\/p>\n\n\n\n<p class=\"wp-block-paragraph\">En materia de bienestar animal, se prev\u00e9 discutir la Ley General en Materia de Bienestar, Cuidado y Protecci\u00f3n de los Animales, derivada de los cambios constitucionales realizados en los art\u00edculos 3, 4 y 73.<\/p>\n\n\n\n<p class=\"wp-block-paragraph\">Otro de los asuntos considerados prioritarios es el combate al reclutamiento forzado de j\u00f3venes por parte de organizaciones criminales, as\u00ed como la creaci\u00f3n de la Ley General para Prevenir, Investigar y Sancionar el Delito de Feminicidio.<\/p>\n\n\n\n<p class=\"wp-block-paragraph\">Tambi\u00e9n figuran propuestas relacionadas con la intervenci\u00f3n o injerencia extranjera en procesos electorales, reformas a la Ley General del Equilibrio Ecol\u00f3gico y la Protecci\u00f3n al Ambiente y cambios vinculados con los seguros de gastos m\u00e9dicos mayores.<\/p>\n\n\n\n<p class=\"wp-block-paragraph\">En este \u00faltimo caso, las propuestas buscan establecer mayores mecanismos de protecci\u00f3n para usuarios de seguros y pacientes que recurren a servicios hospitalarios privados.<\/p>\n\n\n\n<p class=\"wp-block-paragraph\">La agenda contempla adem\u00e1s disposiciones relacionadas con la lactancia extendida.<\/p>\n\n\n\n<p class=\"wp-block-paragraph\">Con el inicio del nuevo periodo ordinario, la C\u00e1mara de Diputados entrar\u00e1 en la recta final del actual ejercicio legislativo. Para Canturosas Villarreal, el reto ser\u00e1 que las reformas y decisiones presupuestales que se aprueben tengan un impacto directo en la poblaci\u00f3n.<\/p>\n\n\n\n<p class=\"wp-block-paragraph\">El diputado federal asegur\u00f3 que continuar\u00e1 impulsando desde San L\u00e1zaro asuntos que atiendan las necesidades de Nuevo Laredo y Tamaulipas, adem\u00e1s de participar en las decisiones nacionales que marcar\u00e1n el rumbo econ\u00f3mico, social y pol\u00edtico del pa\u00eds durante 2027.<\/p>\n","protected":false},"excerpt":{"rendered":"<p>Por: Luis Valtierra | #NuevoLaredo #Laredo #NLD #Tamaulipas Ciudad de M\u00e9xico.- La C\u00e1mara de Diputados abrir\u00e1 este 1 de septiembre el Primer Periodo Ordinario de Sesiones del Tercer A\u00f1o de Ejercicio de la LXVI Legislatura, con una agenda que contempla reformas en materia de inteligencia artificial, combate a la corrupci\u00f3n, seguridad, educaci\u00f3n, protecci\u00f3n animal y [&hellip;]<\/p>\n","protected":false},"author":1,"featured_media":20838,"comment_status":"open","ping_status":"open","sticky":false,"template":"","format":"standard","meta":{"footnotes":""},"categories":[59,58,31],"tags":[],"class_list":["post-20837","post","type-post","status-publish","format-standard","has-post-thumbnail","category-destacado","category-nacional","category-nuevo-laredo"],"amp_enabled":true,"_links":{"self":[{"href":"https:\/\/luisvaltierranoticias.com\/index.php?rest_route=\/wp\/v2\/posts\/20837","targetHints":{"allow":["GET"]}}],"collection":[{"href":"https:\/\/luisvaltierranoticias.com\/index.php?rest_route=\/wp\/v2\/posts"}],"about":[{"href":"https:\/\/luisvaltierranoticias.com\/index.php?rest_route=\/wp\/v2\/types\/post"}],"author":[{"embeddable":true,"href":"https:\/\/luisvaltierranoticias.com\/index.php?rest_route=\/wp\/v2\/users\/1"}],"replies":[{"embeddable":true,"href":"https:\/\/luisvaltierranoticias.com\/index.php?rest_route=%2Fwp%2Fv2%2Fcomments&post=20837"}],"version-history":[{"count":1,"href":"https:\/\/luisvaltierranoticias.com\/index.php?rest_route=\/wp\/v2\/posts\/20837\/revisions"}],"predecessor-version":[{"id":20839,"href":"https:\/\/luisvaltierranoticias.com\/index.php?rest_route=\/wp\/v2\/posts\/20837\/revisions\/20839"}],"wp:featuredmedia":[{"embeddable":true,"href":"https:\/\/luisvaltierranoticias.com\/index.php?rest_route=\/wp\/v2\/media\/20838"}],"wp:attachment":[{"href":"https:\/\/luisvaltierranoticias.com\/index.php?rest_route=%2Fwp%2Fv2%2Fmedia&parent=20837"}],"wp:term":[{"taxonomy":"category","embeddable":true,"href":"https:\/\/luisvaltierranoticias.com\/index.php?rest_route=%2Fwp%2Fv2%2Fcategories&post=20837"},{"taxonomy":"post_tag","embeddable":true,"href":"https:\/\/luisvaltierranoticias.com\/index.php?rest_route=%2Fwp%2Fv2%2Ftags&post=20837"}],"curies":[{"name":"wp","href":"https:\/\/api.w.org\/{rel}","templated":true}]}}