{"id":20834,"date":"2026-08-31T17:22:53","date_gmt":"2026-08-31T22:22:53","guid":{"rendered":"https:\/\/luisvaltierranoticias.com\/?p=20834"},"modified":"2026-08-31T17:22:58","modified_gmt":"2026-08-31T22:22:58","slug":"refuerzan-regreso-a-clases-en-nuevo-laredo-con-entrega-de-uniformes-mochilas-y-utiles","status":"publish","type":"post","link":"https:\/\/luisvaltierranoticias.com\/?p=20834","title":{"rendered":"Refuerzan regreso a clases en Nuevo Laredo con entrega de uniformes, mochilas y \u00fatiles"},"content":{"rendered":"\n<p class=\"wp-block-paragraph\">Por: Luis Valtierra | #NuevoLaredo #Laredo #NLD #Tamaulipas<\/p>\n\n\n\n<p class=\"wp-block-paragraph\">Nuevo Laredo, Tamaulipas.- Con el regreso a las aulas ya en marcha, el Gobierno Municipal inici\u00f3 la distribuci\u00f3n de uniformes, mochilas y \u00fatiles escolares en planteles de Nuevo Laredo, con el prop\u00f3sito de reducir parte de los gastos que enfrentan las familias durante el inicio del ciclo escolar.<\/p>\n\n\n\n<p class=\"wp-block-paragraph\">La presidenta municipal Carmen Lilia Canturosas Villarreal encabez\u00f3 las primeras entregas, que comenzaron en la Preparatoria T\u00e9cnica Municipal Manuel G\u00f3mez Mor\u00edn, donde fueron distribuidas 8 mil 792 playeras oficiales.<\/p>\n\n\n\n<p class=\"wp-block-paragraph\">De acuerdo con la informaci\u00f3n proporcionada por el Ayuntamiento, las prendas ser\u00e1n destinadas a 8 mil 208 estudiantes, adem\u00e1s de 584 integrantes del personal docente y administrativo de las preparatorias municipales.<\/p>\n\n\n\n<p class=\"wp-block-paragraph\">Durante el acto se realiz\u00f3 tambi\u00e9n la entrega simb\u00f3lica de los uniformes a representantes de las preparatorias Jos\u00e9 Vasconcelos y Elena Poniatowska, con lo que se contempla cubrir a las comunidades escolares de los tres planteles.<\/p>\n\n\n\n<p class=\"wp-block-paragraph\">\u201cEsta bienvenida viene acompa\u00f1ada de compromisos reales con su educaci\u00f3n; por ello, llevamos a cabo la entrega de uniformes para las y los estudiantes de nuestras tres preparatorias municipales\u201d, se\u00f1al\u00f3 Canturosas Villarreal.<\/p>\n\n\n\n<p class=\"wp-block-paragraph\">La jornada continu\u00f3 en la Escuela Primaria Josefa Ortiz de Dom\u00ednguez, localizada en la colonia Uni\u00f3n del Recuerdo, donde arranc\u00f3 la distribuci\u00f3n de los paquetes reunidos mediante el programa Escuelat\u00f3n.<\/p>\n\n\n\n<p class=\"wp-block-paragraph\">La campa\u00f1a fue realizada antes del inicio del ciclo escolar con la participaci\u00f3n de ciudadanos que donaron cuadernos, colores, reglas y otros art\u00edculos indispensables para las actividades acad\u00e9micas.<\/p>\n\n\n\n<p class=\"wp-block-paragraph\">Como resultado de esta convocatoria se reunieron 23 mil 302 art\u00edculos escolares, que ser\u00e1n integrados en 18 mil 841 paquetes destinados principalmente a estudiantes de 300 planteles considerados entre los de mayor vulnerabilidad en la ciudad.<\/p>\n\n\n\n<p class=\"wp-block-paragraph\">La alcaldesa destac\u00f3 la participaci\u00f3n de la ciudadan\u00eda en la campa\u00f1a y consider\u00f3 que la respuesta obtenida demuestra la disposici\u00f3n de los neolaredenses para colaborar en acciones dirigidas a la ni\u00f1ez y juventud.<\/p>\n\n\n\n<p class=\"wp-block-paragraph\">\u201cGracias a la hermosa suma de voluntades y al amor de la gente, reunimos la extraordinaria cantidad de 23 mil 302 art\u00edculos escolares\u201d, expres\u00f3.<\/p>\n\n\n\n<p class=\"wp-block-paragraph\">Los apoyos buscan representar un alivio para los padres de familia que cada a\u00f1o deben hacer frente a los gastos derivados del regreso a clases, particularmente por la adquisici\u00f3n de uniformes, mochilas y listas de \u00fatiles.<\/p>\n\n\n\n<p class=\"wp-block-paragraph\">Adem\u00e1s de las entregas iniciales, personal de la Secretar\u00eda de Bienestar Social continuar\u00e1 durante las pr\u00f3ximas semanas con brigadas para distribuir los paquetes pendientes, dando prioridad a escuelas ubicadas en sectores perif\u00e9ricos de Nuevo Laredo.<\/p>\n\n\n\n<p class=\"wp-block-paragraph\">La estrategia contempla llevar los materiales directamente a los planteles para ampliar la cobertura y facilitar que los estudiantes reciban los apoyos sin necesidad de realizar traslados adicionales.<\/p>\n\n\n\n<p class=\"wp-block-paragraph\">Con estas acciones, el Gobierno Municipal pretende complementar los esfuerzos de las autoridades educativas y reducir las dificultades econ\u00f3micas que pueden enfrentar algunas familias al comenzar un nuevo periodo escolar.<\/p>\n\n\n\n<p class=\"wp-block-paragraph\">La entrega de uniformes y materiales forma parte de las pol\u00edticas municipales de apoyo a la educaci\u00f3n p\u00fablica, mientras que la participaci\u00f3n ciudadana en el Escuelat\u00f3n refleja el papel que pueden desempe\u00f1ar sociedad y gobierno cuando se trata de atender necesidades de las comunidades escolares.<\/p>\n","protected":false},"excerpt":{"rendered":"<p>Por: Luis Valtierra | #NuevoLaredo #Laredo #NLD #Tamaulipas Nuevo Laredo, Tamaulipas.- Con el regreso a las aulas ya en marcha, el Gobierno Municipal inici\u00f3 la distribuci\u00f3n de uniformes, mochilas y \u00fatiles escolares en planteles de Nuevo Laredo, con el prop\u00f3sito de reducir parte de los gastos que enfrentan las familias durante el inicio del ciclo [&hellip;]<\/p>\n","protected":false},"author":1,"featured_media":20835,"comment_status":"open","ping_status":"open","sticky":false,"template":"","format":"standard","meta":{"footnotes":""},"categories":[59,31],"tags":[],"class_list":["post-20834","post","type-post","status-publish","format-standard","has-post-thumbnail","category-destacado","category-nuevo-laredo"],"amp_enabled":true,"_links":{"self":[{"href":"https:\/\/luisvaltierranoticias.com\/index.php?rest_route=\/wp\/v2\/posts\/20834","targetHints":{"allow":["GET"]}}],"collection":[{"href":"https:\/\/luisvaltierranoticias.com\/index.php?rest_route=\/wp\/v2\/posts"}],"about":[{"href":"https:\/\/luisvaltierranoticias.com\/index.php?rest_route=\/wp\/v2\/types\/post"}],"author":[{"embeddable":true,"href":"https:\/\/luisvaltierranoticias.com\/index.php?rest_route=\/wp\/v2\/users\/1"}],"replies":[{"embeddable":true,"href":"https:\/\/luisvaltierranoticias.com\/index.php?rest_route=%2Fwp%2Fv2%2Fcomments&post=20834"}],"version-history":[{"count":1,"href":"https:\/\/luisvaltierranoticias.com\/index.php?rest_route=\/wp\/v2\/posts\/20834\/revisions"}],"predecessor-version":[{"id":20836,"href":"https:\/\/luisvaltierranoticias.com\/index.php?rest_route=\/wp\/v2\/posts\/20834\/revisions\/20836"}],"wp:featuredmedia":[{"embeddable":true,"href":"https:\/\/luisvaltierranoticias.com\/index.php?rest_route=\/wp\/v2\/media\/20835"}],"wp:attachment":[{"href":"https:\/\/luisvaltierranoticias.com\/index.php?rest_route=%2Fwp%2Fv2%2Fmedia&parent=20834"}],"wp:term":[{"taxonomy":"category","embeddable":true,"href":"https:\/\/luisvaltierranoticias.com\/index.php?rest_route=%2Fwp%2Fv2%2Fcategories&post=20834"},{"taxonomy":"post_tag","embeddable":true,"href":"https:\/\/luisvaltierranoticias.com\/index.php?rest_route=%2Fwp%2Fv2%2Ftags&post=20834"}],"curies":[{"name":"wp","href":"https:\/\/api.w.org\/{rel}","templated":true}]}}