{"id":20822,"date":"2026-08-31T16:12:18","date_gmt":"2026-08-31T21:12:18","guid":{"rendered":"https:\/\/luisvaltierranoticias.com\/?p=20822"},"modified":"2026-08-31T16:12:24","modified_gmt":"2026-08-31T21:12:24","slug":"del-historico-tanque-elevado-a-un-nuevo-espacio-para-la-ciencia-en-nuevo-laredo","status":"publish","type":"post","link":"https:\/\/luisvaltierranoticias.com\/?p=20822","title":{"rendered":"Del hist\u00f3rico tanque elevado a un nuevo espacio para la ciencia en Nuevo Laredo"},"content":{"rendered":"\n<p class=\"wp-block-paragraph\">Por: Luis Hern\u00e1ndez | #NuevoLaredo #Laredo #NLD #Tamaulipas<\/p>\n\n\n\n<p class=\"wp-block-paragraph\">Nuevo Laredo, Tamaulipas.- Lo que durante d\u00e9cadas form\u00f3 parte del paisaje urbano de Nuevo Laredo est\u00e1 a punto de convertirse en un espacio dedicado al conocimiento. El antiguo tanque elevado ubicado en el Centro de la ciudad fue rehabilitado para dar paso al Museo de Ciencia, Tecnolog\u00eda y Planetario, uno de los proyectos de mayor inversi\u00f3n de la actual administraci\u00f3n municipal.<\/p>\n\n\n\n<p class=\"wp-block-paragraph\">La obra, impulsada por la presidenta municipal Carmen Lilia Canturosas Villarreal, se encuentra en la etapa final de trabajos y se perfila para abrir sus puertas pr\u00f3ximamente. El proyecto busca rescatar una estructura con valor hist\u00f3rico para los neolaredenses y darle una nueva funci\u00f3n vinculada con la educaci\u00f3n, la ciencia y la tecnolog\u00eda.<\/p>\n\n\n\n<p class=\"wp-block-paragraph\">A unos d\u00edas de presentar su Segundo Informe de Gobierno, la alcaldesa destac\u00f3 que el recinto pretende convertirse en un punto de encuentro para estudiantes, familias y visitantes, adem\u00e1s de contribuir a la recuperaci\u00f3n del entorno urbano del Centro.<\/p>\n\n\n\n<p class=\"wp-block-paragraph\">\u201cEstamos recuperando un elemento hist\u00f3rico de nuestra ciudad y, al mismo tiempo, convirti\u00e9ndolo en un espacio que acercar\u00e1 la ciencia y la tecnolog\u00eda a nuestras ni\u00f1as, ni\u00f1os y j\u00f3venes. Es una inversi\u00f3n que mira hacia el futuro y que queremos que se convierta en un orgullo para todas las familias de Nuevo Laredo\u201d, se\u00f1al\u00f3.<\/p>\n\n\n\n<p class=\"wp-block-paragraph\">El proyecto representa una inversi\u00f3n de 225 millones 539 mil pesos y contempla distintas \u00e1reas destinadas a la divulgaci\u00f3n cient\u00edfica y tecnol\u00f3gica.<\/p>\n\n\n\n<p class=\"wp-block-paragraph\">Uno de los principales atractivos ser\u00e1 el Planetario, instalado en el sexto nivel del antiguo tanque de agua. Para hacer posible su funcionamiento, la estructura fue sometida a trabajos de rehabilitaci\u00f3n y reforzamiento.<\/p>\n\n\n\n<p class=\"wp-block-paragraph\">El espacio tendr\u00e1 capacidad para aproximadamente 52 personas y estar\u00e1 equipado con tecnolog\u00eda especializada para la proyecci\u00f3n de documentales y contenidos relacionados con el universo y la ciencia. Entre sus componentes se encuentra el sistema Digistar, una pantalla de proyecci\u00f3n l\u00e1ser para domo horizontal, sonido envolvente, tratamiento ac\u00fastico, butacas y elevadores.<\/p>\n\n\n\n<p class=\"wp-block-paragraph\">El recorrido continuar\u00e1 por el Pabell\u00f3n de Ciencias, dise\u00f1ado con exposiciones interactivas para que los visitantes puedan conocer distintos fen\u00f3menos cient\u00edficos a trav\u00e9s de experiencias pr\u00e1cticas y recursos audiovisuales.<\/p>\n\n\n\n<p class=\"wp-block-paragraph\">Tambi\u00e9n se contemplan las \u00e1reas denominadas \u201cEl Universo y Astronom\u00eda\u201d y \u201cMe-Yo\u201d, espacios pensados para acercar conceptos de ciencia y tecnolog\u00eda a ni\u00f1as, ni\u00f1os, j\u00f3venes y familias de una manera m\u00e1s din\u00e1mica.<\/p>\n\n\n\n<p class=\"wp-block-paragraph\">M\u00e1s all\u00e1 de la infraestructura y del equipamiento tecnol\u00f3gico, el proyecto plantea un cambio en el uso de un inmueble que durante a\u00f1os fue parte de la identidad visual de Nuevo Laredo.<\/p>\n\n\n\n<p class=\"wp-block-paragraph\">La transformaci\u00f3n del tanque elevado representa, por ello, una combinaci\u00f3n entre conservaci\u00f3n y renovaci\u00f3n: recuperar una estructura del pasado para darle una utilidad vinculada con las necesidades educativas de las nuevas generaciones.<\/p>\n\n\n\n<p class=\"wp-block-paragraph\">Con su pr\u00f3xima apertura, el Museo de Ciencia, Tecnolog\u00eda y Planetario busca incorporarse a la oferta cultural y tur\u00edstica de la ciudad y convertirse en un espacio permanente para la divulgaci\u00f3n cient\u00edfica.<\/p>\n\n\n\n<p class=\"wp-block-paragraph\">El reto, una vez que abra sus puertas, ser\u00e1 que la inversi\u00f3n se traduzca en un recinto activo, accesible y \u00fatil para estudiantes y familias, capaz de mantener una programaci\u00f3n constante y de convertirse realmente en un referente de conocimiento para Nuevo Laredo.<\/p>\n\n\n\n<figure class=\"wp-block-image size-large\"><img loading=\"lazy\" decoding=\"async\" width=\"1024\" height=\"576\" src=\"https:\/\/luisvaltierranoticias.com\/wp-content\/uploads\/2026\/08\/WhatsApp-Image-2026-08-31-at-2.36.10-PM-1024x576.jpeg\" alt=\"\" class=\"wp-image-20824\" srcset=\"https:\/\/luisvaltierranoticias.com\/wp-content\/uploads\/2026\/08\/WhatsApp-Image-2026-08-31-at-2.36.10-PM-1024x576.jpeg 1024w, https:\/\/luisvaltierranoticias.com\/wp-content\/uploads\/2026\/08\/WhatsApp-Image-2026-08-31-at-2.36.10-PM-300x169.jpeg 300w, https:\/\/luisvaltierranoticias.com\/wp-content\/uploads\/2026\/08\/WhatsApp-Image-2026-08-31-at-2.36.10-PM-768x432.jpeg 768w, https:\/\/luisvaltierranoticias.com\/wp-content\/uploads\/2026\/08\/WhatsApp-Image-2026-08-31-at-2.36.10-PM-1536x864.jpeg 1536w, https:\/\/luisvaltierranoticias.com\/wp-content\/uploads\/2026\/08\/WhatsApp-Image-2026-08-31-at-2.36.10-PM-150x84.jpeg 150w, https:\/\/luisvaltierranoticias.com\/wp-content\/uploads\/2026\/08\/WhatsApp-Image-2026-08-31-at-2.36.10-PM-696x392.jpeg 696w, https:\/\/luisvaltierranoticias.com\/wp-content\/uploads\/2026\/08\/WhatsApp-Image-2026-08-31-at-2.36.10-PM-1068x601.jpeg 1068w, https:\/\/luisvaltierranoticias.com\/wp-content\/uploads\/2026\/08\/WhatsApp-Image-2026-08-31-at-2.36.10-PM.jpeg 1600w\" sizes=\"auto, (max-width: 1024px) 100vw, 1024px\" \/><\/figure>\n\n\n\n<figure class=\"wp-block-image size-large\"><img loading=\"lazy\" decoding=\"async\" width=\"1024\" height=\"684\" src=\"https:\/\/luisvaltierranoticias.com\/wp-content\/uploads\/2026\/08\/WhatsApp-Image-2026-08-31-at-2.36.11-PM-1-1024x684.jpeg\" alt=\"\" class=\"wp-image-20825\" srcset=\"https:\/\/luisvaltierranoticias.com\/wp-content\/uploads\/2026\/08\/WhatsApp-Image-2026-08-31-at-2.36.11-PM-1-1024x684.jpeg 1024w, https:\/\/luisvaltierranoticias.com\/wp-content\/uploads\/2026\/08\/WhatsApp-Image-2026-08-31-at-2.36.11-PM-1-300x200.jpeg 300w, https:\/\/luisvaltierranoticias.com\/wp-content\/uploads\/2026\/08\/WhatsApp-Image-2026-08-31-at-2.36.11-PM-1-768x513.jpeg 768w, https:\/\/luisvaltierranoticias.com\/wp-content\/uploads\/2026\/08\/WhatsApp-Image-2026-08-31-at-2.36.11-PM-1-1536x1026.jpeg 1536w, https:\/\/luisvaltierranoticias.com\/wp-content\/uploads\/2026\/08\/WhatsApp-Image-2026-08-31-at-2.36.11-PM-1-150x100.jpeg 150w, https:\/\/luisvaltierranoticias.com\/wp-content\/uploads\/2026\/08\/WhatsApp-Image-2026-08-31-at-2.36.11-PM-1-696x465.jpeg 696w, https:\/\/luisvaltierranoticias.com\/wp-content\/uploads\/2026\/08\/WhatsApp-Image-2026-08-31-at-2.36.11-PM-1-1068x714.jpeg 1068w, https:\/\/luisvaltierranoticias.com\/wp-content\/uploads\/2026\/08\/WhatsApp-Image-2026-08-31-at-2.36.11-PM-1.jpeg 1600w\" sizes=\"auto, (max-width: 1024px) 100vw, 1024px\" \/><\/figure>\n\n\n\n<figure class=\"wp-block-image size-large\"><img loading=\"lazy\" decoding=\"async\" width=\"1024\" height=\"684\" src=\"https:\/\/luisvaltierranoticias.com\/wp-content\/uploads\/2026\/08\/WhatsApp-Image-2026-08-31-at-2.36.12-PM-1024x684.jpeg\" alt=\"\" class=\"wp-image-20827\" srcset=\"https:\/\/luisvaltierranoticias.com\/wp-content\/uploads\/2026\/08\/WhatsApp-Image-2026-08-31-at-2.36.12-PM-1024x684.jpeg 1024w, https:\/\/luisvaltierranoticias.com\/wp-content\/uploads\/2026\/08\/WhatsApp-Image-2026-08-31-at-2.36.12-PM-300x200.jpeg 300w, https:\/\/luisvaltierranoticias.com\/wp-content\/uploads\/2026\/08\/WhatsApp-Image-2026-08-31-at-2.36.12-PM-768x513.jpeg 768w, https:\/\/luisvaltierranoticias.com\/wp-content\/uploads\/2026\/08\/WhatsApp-Image-2026-08-31-at-2.36.12-PM-1536x1026.jpeg 1536w, https:\/\/luisvaltierranoticias.com\/wp-content\/uploads\/2026\/08\/WhatsApp-Image-2026-08-31-at-2.36.12-PM-150x100.jpeg 150w, https:\/\/luisvaltierranoticias.com\/wp-content\/uploads\/2026\/08\/WhatsApp-Image-2026-08-31-at-2.36.12-PM-696x465.jpeg 696w, https:\/\/luisvaltierranoticias.com\/wp-content\/uploads\/2026\/08\/WhatsApp-Image-2026-08-31-at-2.36.12-PM-1068x714.jpeg 1068w, https:\/\/luisvaltierranoticias.com\/wp-content\/uploads\/2026\/08\/WhatsApp-Image-2026-08-31-at-2.36.12-PM.jpeg 1600w\" sizes=\"auto, (max-width: 1024px) 100vw, 1024px\" \/><\/figure>\n","protected":false},"excerpt":{"rendered":"<p>Por: Luis Hern\u00e1ndez | #NuevoLaredo #Laredo #NLD #Tamaulipas Nuevo Laredo, Tamaulipas.- Lo que durante d\u00e9cadas form\u00f3 parte del paisaje urbano de Nuevo Laredo est\u00e1 a punto de convertirse en un espacio dedicado al conocimiento. El antiguo tanque elevado ubicado en el Centro de la ciudad fue rehabilitado para dar paso al Museo de Ciencia, Tecnolog\u00eda [&hellip;]<\/p>\n","protected":false},"author":1,"featured_media":20826,"comment_status":"open","ping_status":"open","sticky":false,"template":"","format":"standard","meta":{"footnotes":""},"categories":[59,31],"tags":[],"class_list":["post-20822","post","type-post","status-publish","format-standard","has-post-thumbnail","category-destacado","category-nuevo-laredo"],"amp_enabled":true,"_links":{"self":[{"href":"https:\/\/luisvaltierranoticias.com\/index.php?rest_route=\/wp\/v2\/posts\/20822","targetHints":{"allow":["GET"]}}],"collection":[{"href":"https:\/\/luisvaltierranoticias.com\/index.php?rest_route=\/wp\/v2\/posts"}],"about":[{"href":"https:\/\/luisvaltierranoticias.com\/index.php?rest_route=\/wp\/v2\/types\/post"}],"author":[{"embeddable":true,"href":"https:\/\/luisvaltierranoticias.com\/index.php?rest_route=\/wp\/v2\/users\/1"}],"replies":[{"embeddable":true,"href":"https:\/\/luisvaltierranoticias.com\/index.php?rest_route=%2Fwp%2Fv2%2Fcomments&post=20822"}],"version-history":[{"count":1,"href":"https:\/\/luisvaltierranoticias.com\/index.php?rest_route=\/wp\/v2\/posts\/20822\/revisions"}],"predecessor-version":[{"id":20828,"href":"https:\/\/luisvaltierranoticias.com\/index.php?rest_route=\/wp\/v2\/posts\/20822\/revisions\/20828"}],"wp:featuredmedia":[{"embeddable":true,"href":"https:\/\/luisvaltierranoticias.com\/index.php?rest_route=\/wp\/v2\/media\/20826"}],"wp:attachment":[{"href":"https:\/\/luisvaltierranoticias.com\/index.php?rest_route=%2Fwp%2Fv2%2Fmedia&parent=20822"}],"wp:term":[{"taxonomy":"category","embeddable":true,"href":"https:\/\/luisvaltierranoticias.com\/index.php?rest_route=%2Fwp%2Fv2%2Fcategories&post=20822"},{"taxonomy":"post_tag","embeddable":true,"href":"https:\/\/luisvaltierranoticias.com\/index.php?rest_route=%2Fwp%2Fv2%2Ftags&post=20822"}],"curies":[{"name":"wp","href":"https:\/\/api.w.org\/{rel}","templated":true}]}}