{"id":20815,"date":"2026-08-30T23:41:35","date_gmt":"2026-08-31T04:41:35","guid":{"rendered":"https:\/\/luisvaltierranoticias.com\/?p=20815"},"modified":"2026-08-30T23:41:40","modified_gmt":"2026-08-31T04:41:40","slug":"obras-bienestar-y-desarrollo-el-tamaulipas-que-presume-americo-y-el-que-padecen-los-ciudadanos","status":"publish","type":"post","link":"https:\/\/luisvaltierranoticias.com\/?p=20815","title":{"rendered":"Obras, bienestar y desarrollo: el Tamaulipas que presume Am\u00e9rico y el que padecen los ciudadanos"},"content":{"rendered":"\n<p class=\"wp-block-paragraph\">Opini\u00f3n: Luis I. Valtierra Hern\u00e1ndez<br>Columna: Criticar por Criticar<\/p>\n\n\n\n<p class=\"wp-block-paragraph\">Nuevo Laredo, Tamaulipas.- Hay gobiernos que construyen carreteras, hospitales, puentes y discursos. El problema comienza cuando las obras aparecen en las fotograf\u00edas oficiales, pero el bienestar que se anuncia tarda demasiado en llegar a la vida cotidiana de la gente.<\/p>\n\n\n\n<p class=\"wp-block-paragraph\">El gobernador Am\u00e9rico Villarreal Anaya volvi\u00f3 a presentar su versi\u00f3n optimista de Tamaulipas. Asegur\u00f3 que, a dos a\u00f1os del gobierno de Claudia Sheinbaum, la transformaci\u00f3n ya se siente en el estado, que los beneficios alcanzan a la poblaci\u00f3n y que el desarrollo es cada vez m\u00e1s evidente.<\/p>\n\n\n\n<p class=\"wp-block-paragraph\">El mensaje, sin embargo, tiene un viejo problema: una cosa es enumerar inversiones y otra muy distinta demostrar que esas cifras se han convertido realmente en mejores condiciones de vida para los tamaulipecos.<\/p>\n\n\n\n<p class=\"wp-block-paragraph\">Durante su programa dominical \u201cDi\u00e1logos con Am\u00e9rico\u201d, el mandatario habl\u00f3 de trenes, carreteras, puentes, puertos, agua, hospitales, preparatorias, energ\u00eda y vivienda. Un cat\u00e1logo de proyectos que, sobre el papel, parece suficiente para colocar a Tamaulipas como uno de los grandes beneficiarios de la llamada transformaci\u00f3n.<\/p>\n\n\n\n<p class=\"wp-block-paragraph\">Pero gobernar no consiste en elaborar inventarios de infraestructura.<\/p>\n\n\n\n<p class=\"wp-block-paragraph\">La pregunta inc\u00f3moda es otra: \u00bfqu\u00e9 tanto de ese supuesto desarrollo est\u00e1 llegando efectivamente al ciudadano que sigue enfrentando problemas de agua, servicios p\u00fablicos, atenci\u00f3n m\u00e9dica, empleo, seguridad y oportunidades?<\/p>\n\n\n\n<p class=\"wp-block-paragraph\">Porque mientras desde el micr\u00f3fono oficial se habla de cifras hist\u00f3ricas, en muchas comunidades la realidad no se mide en millones de pesos, sino en la calidad del servicio que reciben, en cu\u00e1nto tardan en conseguir una cita m\u00e9dica, en si tienen agua suficiente en sus hogares o en si pueden caminar por sus colonias sin sentir temor.<\/p>\n\n\n\n<p class=\"wp-block-paragraph\">Villarreal Anaya presumi\u00f3 que los Programas para el Bienestar representan una derrama superior a 24 mil 500 millones de pesos anuales y benefician a m\u00e1s de un mill\u00f3n de tamaulipecos.<\/p>\n\n\n\n<p class=\"wp-block-paragraph\">Nadie puede negar la importancia de esos recursos. Tampoco ser\u00eda serio desconocer que los programas sociales representan un respaldo para miles de familias.<\/p>\n\n\n\n<p class=\"wp-block-paragraph\">Pero convertir la entrega de apoyos en la principal prueba de \u00e9xito gubernamental ser\u00eda un error. Una pensi\u00f3n, una beca o un apoyo econ\u00f3mico pueden aliviar una necesidad, pero no sustituyen empleos bien remunerados, servicios p\u00fablicos eficientes, infraestructura funcional ni instituciones capaces de resolver los problemas cotidianos.<\/p>\n\n\n\n<p class=\"wp-block-paragraph\">El gobernador tambi\u00e9n habl\u00f3 de salud y record\u00f3 la reciente inauguraci\u00f3n de dos unidades hospitalarias en el sur de Tamaulipas. Destac\u00f3, adem\u00e1s, que el estado obtuvo por tercer a\u00f1o consecutivo el primer lugar nacional en gesti\u00f3n de apoyos a la poblaci\u00f3n a trav\u00e9s de la Secretar\u00eda de Salud, la Beneficencia P\u00fablica y el DIF estatal.<\/p>\n\n\n\n<p class=\"wp-block-paragraph\">Son resultados que merecen reconocimiento si las cifras oficiales corresponden con la experiencia de los usuarios.<\/p>\n\n\n\n<p class=\"wp-block-paragraph\">Porque ah\u00ed est\u00e1 otra vez el punto central: un hospital inaugurado no significa necesariamente un sistema de salud eficiente.<\/p>\n\n\n\n<p class=\"wp-block-paragraph\">El verdadero examen comienza cuando un ciudadano necesita atenci\u00f3n, encuentra medicamentos, consigue una consulta a tiempo, recibe un diagn\u00f3stico oportuno y obtiene seguimiento adecuado.<\/p>\n\n\n\n<p class=\"wp-block-paragraph\">Lo mismo ocurre con el tema del sarampi\u00f3n y el dengue. El gobernador destac\u00f3 que Tamaulipas no ha registrado casos de sarampi\u00f3n durante 2026 y que solamente se contabilizan 40 casos de dengue.<\/p>\n\n\n\n<p class=\"wp-block-paragraph\">Son indicadores positivos, desde luego, pero tampoco deber\u00edan utilizarse como una especie de certificado general de excelencia sanitaria. La salud p\u00fablica requiere prevenci\u00f3n permanente, infraestructura, personal, medicamentos y capacidad de respuesta. No basta con celebrar que un problema no haya alcanzado dimensiones mayores.<\/p>\n\n\n\n<p class=\"wp-block-paragraph\">En seguridad, el discurso oficial tambi\u00e9n fue contundente. Villarreal asegur\u00f3 que Tamaulipas registra una reducci\u00f3n de hasta 87 por ciento en homicidios dolosos y que Nuevo Laredo, junto con la zona conurbada de Tampico y Ciudad Madero, aparece entre las ciudades m\u00e1s seguras del pa\u00eds.<\/p>\n\n\n\n<p class=\"wp-block-paragraph\">Aqu\u00ed tampoco conviene caer en extremos.<\/p>\n\n\n\n<p class=\"wp-block-paragraph\">Si los homicidios disminuyen, debe reconocerse. Si los indicadores mejoran, debe decirse. Pero la seguridad no puede medirse exclusivamente con una gr\u00e1fica descendente.<\/p>\n\n\n\n<p class=\"wp-block-paragraph\">La percepci\u00f3n ciudadana tambi\u00e9n cuenta.<\/p>\n\n\n\n<p class=\"wp-block-paragraph\">El ciudadano eval\u00faa la seguridad cuando sale de trabajar, cuando utiliza una carretera, cuando transita por una colonia o cuando un familiar tiene que desplazarse por el estado. La estad\u00edstica es indispensable, pero no reemplaza la experiencia de quienes viven diariamente las condiciones de seguridad.<\/p>\n\n\n\n<p class=\"wp-block-paragraph\">El gobernador atribuy\u00f3 parte de este avance a la coordinaci\u00f3n institucional y a la estrategia federal encabezada por Claudia Sheinbaum. Tambi\u00e9n asegur\u00f3 que el incremento en el n\u00famero de paisanos que cruzan por Tamaulipas durante los periodos vacacionales y el crecimiento del turismo son se\u00f1ales de una mayor confianza.<\/p>\n\n\n\n<p class=\"wp-block-paragraph\">Puede ser.<\/p>\n\n\n\n<p class=\"wp-block-paragraph\">Pero ser\u00eda conveniente que el gobierno acompa\u00f1ara ese optimismo con informaci\u00f3n p\u00fablica, comparable y verificable que permita saber cu\u00e1nto de ese incremento obedece realmente a una mejor percepci\u00f3n de seguridad y cu\u00e1nto responde a otros factores.<\/p>\n\n\n\n<p class=\"wp-block-paragraph\">Porque ese es precisamente el gran pendiente de la administraci\u00f3n estatal: dejar de pedirle a la ciudadan\u00eda que crea y comenzar a demostrarle con mayor claridad.<\/p>\n\n\n\n<p class=\"wp-block-paragraph\">Tamaulipas tiene una ubicaci\u00f3n privilegiada, recursos naturales, frontera, puertos, infraestructura carretera y un enorme potencial log\u00edstico. Eso no lo descubri\u00f3 este gobierno. Son ventajas estructurales que el estado ha tenido durante d\u00e9cadas.<\/p>\n\n\n\n<p class=\"wp-block-paragraph\">El verdadero m\u00e9rito de una administraci\u00f3n no consiste en repetir que Tamaulipas tiene potencial, sino en demostrar cu\u00e1nto de ese potencial se transforma en inversi\u00f3n productiva, empleos de calidad, mejores salarios, servicios eficientes y oportunidades para quienes viven aqu\u00ed.<\/p>\n\n\n\n<p class=\"wp-block-paragraph\">Am\u00e9rico Villarreal habla de una transformaci\u00f3n que, seg\u00fan sus palabras, ya puede verse y sentirse.<\/p>\n\n\n\n<p class=\"wp-block-paragraph\">Ojal\u00e1.<\/p>\n\n\n\n<p class=\"wp-block-paragraph\">Porque los tamaulipecos no necesitan que les expliquen que est\u00e1n viviendo una transformaci\u00f3n. Necesitan vivirla.<\/p>\n\n\n\n<p class=\"wp-block-paragraph\">Necesitan que el agua llegue a sus casas, que los hospitales funcionen, que las carreteras est\u00e9n en condiciones, que las escuelas tengan lo necesario, que las colonias cuenten con servicios y que la seguridad deje de ser un tema de estad\u00edsticas para convertirse en una certeza cotidiana.<\/p>\n\n\n\n<p class=\"wp-block-paragraph\">Los gobiernos suelen enamorarse de sus propias cifras. Es natural. Una cifra grande luce bien en un informe y todav\u00eda mejor en una conferencia de prensa.<\/p>\n\n\n\n<p class=\"wp-block-paragraph\">Pero la pol\u00edtica p\u00fablica se prueba en otra parte: en la calle, en el hogar, en la escuela, en el hospital y en el bolsillo de la gente.<\/p>\n\n\n\n<p class=\"wp-block-paragraph\">Si Tamaulipas realmente est\u00e1 entrando en una etapa de mayor desarrollo, el reto para el gobernador no es seguir aumentando el volumen del discurso, sino conseguir que esa transformaci\u00f3n sea tan evidente para el ciudadano com\u00fan que ya no necesite ser explicada.<\/p>\n\n\n\n<p class=\"wp-block-paragraph\">Porque cuando una obra funciona, un hospital atiende, una carretera mejora, un empleo alcanza y una familia vive con mayor tranquilidad, la propaganda sobra.<\/p>\n\n\n\n<p class=\"wp-block-paragraph\">La realidad habla por s\u00ed sola.<\/p>\n","protected":false},"excerpt":{"rendered":"<p>Opini\u00f3n: Luis I. Valtierra Hern\u00e1ndezColumna: Criticar por Criticar Nuevo Laredo, Tamaulipas.- Hay gobiernos que construyen carreteras, hospitales, puentes y discursos. El problema comienza cuando las obras aparecen en las fotograf\u00edas oficiales, pero el bienestar que se anuncia tarda demasiado en llegar a la vida cotidiana de la gente. El gobernador Am\u00e9rico Villarreal Anaya volvi\u00f3 a [&hellip;]<\/p>\n","protected":false},"author":1,"featured_media":20816,"comment_status":"open","ping_status":"open","sticky":false,"template":"","format":"standard","meta":{"footnotes":""},"categories":[61,59,53],"tags":[],"class_list":["post-20815","post","type-post","status-publish","format-standard","has-post-thumbnail","category-columnas","category-destacado","category-tamaulipas"],"amp_enabled":true,"_links":{"self":[{"href":"https:\/\/luisvaltierranoticias.com\/index.php?rest_route=\/wp\/v2\/posts\/20815","targetHints":{"allow":["GET"]}}],"collection":[{"href":"https:\/\/luisvaltierranoticias.com\/index.php?rest_route=\/wp\/v2\/posts"}],"about":[{"href":"https:\/\/luisvaltierranoticias.com\/index.php?rest_route=\/wp\/v2\/types\/post"}],"author":[{"embeddable":true,"href":"https:\/\/luisvaltierranoticias.com\/index.php?rest_route=\/wp\/v2\/users\/1"}],"replies":[{"embeddable":true,"href":"https:\/\/luisvaltierranoticias.com\/index.php?rest_route=%2Fwp%2Fv2%2Fcomments&post=20815"}],"version-history":[{"count":1,"href":"https:\/\/luisvaltierranoticias.com\/index.php?rest_route=\/wp\/v2\/posts\/20815\/revisions"}],"predecessor-version":[{"id":20817,"href":"https:\/\/luisvaltierranoticias.com\/index.php?rest_route=\/wp\/v2\/posts\/20815\/revisions\/20817"}],"wp:featuredmedia":[{"embeddable":true,"href":"https:\/\/luisvaltierranoticias.com\/index.php?rest_route=\/wp\/v2\/media\/20816"}],"wp:attachment":[{"href":"https:\/\/luisvaltierranoticias.com\/index.php?rest_route=%2Fwp%2Fv2%2Fmedia&parent=20815"}],"wp:term":[{"taxonomy":"category","embeddable":true,"href":"https:\/\/luisvaltierranoticias.com\/index.php?rest_route=%2Fwp%2Fv2%2Fcategories&post=20815"},{"taxonomy":"post_tag","embeddable":true,"href":"https:\/\/luisvaltierranoticias.com\/index.php?rest_route=%2Fwp%2Fv2%2Ftags&post=20815"}],"curies":[{"name":"wp","href":"https:\/\/api.w.org\/{rel}","templated":true}]}}