{"id":20812,"date":"2026-08-30T18:24:28","date_gmt":"2026-08-30T23:24:28","guid":{"rendered":"https:\/\/luisvaltierranoticias.com\/?p=20812"},"modified":"2026-08-30T18:24:33","modified_gmt":"2026-08-30T23:24:33","slug":"amplian-acceso-a-vivienda-para-familias-de-nuevo-laredo-con-programa-municipal","status":"publish","type":"post","link":"https:\/\/luisvaltierranoticias.com\/?p=20812","title":{"rendered":"Ampl\u00edan acceso a vivienda para familias de Nuevo Laredo con programa municipal"},"content":{"rendered":"\n<p class=\"wp-block-paragraph\">Por: Luis Valtierra | #NuevoLaredo #Laredo #NLD #Tamaulipas<\/p>\n\n\n\n<p class=\"wp-block-paragraph\">Nuevo Laredo, Tamaulipas.- Para familias que durante a\u00f1os han enfrentado dificultades para adquirir una casa, contar con un patrimonio propio comienza a convertirse en una posibilidad mediante el programa \u201cHogar Propio, Patrimonio para Tu Familia\u201d, impulsado por el Gobierno Municipal.<\/p>\n\n\n\n<p class=\"wp-block-paragraph\">La estrategia, encabezada por la presidenta municipal Carmen Lilia Canturosas Villarreal, contempla la construcci\u00f3n de 115 viviendas en el fraccionamiento El Progreso, mediante recursos propios y con la participaci\u00f3n del Instituto Municipal de Vivienda y Suelo Urbano (IMVISU).<\/p>\n\n\n\n<p class=\"wp-block-paragraph\">En el marco de su segundo informe de gobierno, la alcaldesa destac\u00f3 que las primeras 15 casas ya fueron entregadas, principalmente a mujeres jefas de familia, madres solteras y trabajadoras que han asumido por cuenta propia la responsabilidad de sacar adelante sus hogares.<\/p>\n\n\n\n<p class=\"wp-block-paragraph\">\u201cDesde el primer d\u00eda de nuestra administraci\u00f3n, trazamos una ruta muy clara: transformar verdaderamente la vida de las familias neolaredenses, abrazando con la mayor de las fuerzas a quienes m\u00e1s lo necesitan\u201d, se\u00f1al\u00f3 Canturosas Villarreal.<\/p>\n\n\n\n<p class=\"wp-block-paragraph\">Las viviendas fueron proyectadas para ofrecer condiciones adecuadas de habitabilidad. Cada una se encuentra edificada sobre terrenos de 126 metros cuadrados y cuenta con 60 metros cuadrados de construcci\u00f3n, distribuidos en sala, comedor, cocina, dos rec\u00e1maras, ba\u00f1o, lavander\u00eda y cochera.<\/p>\n\n\n\n<p class=\"wp-block-paragraph\">Adem\u00e1s, las casas se entregan con acabados completos, lo que permite a las familias ocuparlas sin tener que enfrentar de inmediato gastos adicionales para hacerlas habitables.<\/p>\n\n\n\n<p class=\"wp-block-paragraph\">El programa forma parte de las acciones municipales orientadas a atender el rezago habitacional y facilitar el acceso a una vivienda a sectores que encuentran mayores obst\u00e1culos para incorporarse al mercado inmobiliario.<\/p>\n\n\n\n<p class=\"wp-block-paragraph\">Uno de los aspectos que distingue esta estrategia es el \u00e9nfasis puesto en mujeres que sostienen econ\u00f3micamente a sus familias. Para ellas, la entrega de una vivienda representa no solamente resolver una necesidad habitacional, sino tambi\u00e9n contar con un patrimonio que puede brindar mayor estabilidad a sus hijos.<\/p>\n\n\n\n<p class=\"wp-block-paragraph\">La pol\u00edtica municipal se desarrolla adem\u00e1s en sinton\u00eda con la estrategia nacional de vivienda promovida por la presidenta de M\u00e9xico, Claudia Sheinbaum Pardo, que plantea ampliar el acceso a hogares dignos para sectores de la poblaci\u00f3n que hist\u00f3ricamente han tenido mayores dificultades para adquirir uno.<\/p>\n\n\n\n<p class=\"wp-block-paragraph\">Desde el \u00e1mbito local, el Ayuntamiento busca trasladar ese enfoque a acciones concretas mediante inversi\u00f3n municipal y programas que permitan a m\u00e1s familias avanzar hacia la propiedad de una vivienda.<\/p>\n\n\n\n<p class=\"wp-block-paragraph\">La construcci\u00f3n de las 115 casas en El Progreso representa, en ese sentido, una alternativa para personas que actualmente rentan o carecen de un hogar propio y que dif\u00edcilmente podr\u00edan acceder a una vivienda bajo las condiciones tradicionales del mercado.<\/p>\n\n\n\n<p class=\"wp-block-paragraph\">Con las primeras unidades ya entregadas y el desarrollo de nuevas etapas, el programa \u201cHogar Propio, Patrimonio para Tu Familia\u201d plantea como objetivo que un mayor n\u00famero de familias neolaredenses pueda contar con un espacio propio, seguro y adecuado para construir su proyecto de vida.<\/p>\n","protected":false},"excerpt":{"rendered":"<p>Por: Luis Valtierra | #NuevoLaredo #Laredo #NLD #Tamaulipas Nuevo Laredo, Tamaulipas.- Para familias que durante a\u00f1os han enfrentado dificultades para adquirir una casa, contar con un patrimonio propio comienza a convertirse en una posibilidad mediante el programa \u201cHogar Propio, Patrimonio para Tu Familia\u201d, impulsado por el Gobierno Municipal. La estrategia, encabezada por la presidenta municipal [&hellip;]<\/p>\n","protected":false},"author":1,"featured_media":20813,"comment_status":"open","ping_status":"open","sticky":false,"template":"","format":"standard","meta":{"footnotes":""},"categories":[59,31],"tags":[],"class_list":["post-20812","post","type-post","status-publish","format-standard","has-post-thumbnail","category-destacado","category-nuevo-laredo"],"amp_enabled":true,"_links":{"self":[{"href":"https:\/\/luisvaltierranoticias.com\/index.php?rest_route=\/wp\/v2\/posts\/20812","targetHints":{"allow":["GET"]}}],"collection":[{"href":"https:\/\/luisvaltierranoticias.com\/index.php?rest_route=\/wp\/v2\/posts"}],"about":[{"href":"https:\/\/luisvaltierranoticias.com\/index.php?rest_route=\/wp\/v2\/types\/post"}],"author":[{"embeddable":true,"href":"https:\/\/luisvaltierranoticias.com\/index.php?rest_route=\/wp\/v2\/users\/1"}],"replies":[{"embeddable":true,"href":"https:\/\/luisvaltierranoticias.com\/index.php?rest_route=%2Fwp%2Fv2%2Fcomments&post=20812"}],"version-history":[{"count":1,"href":"https:\/\/luisvaltierranoticias.com\/index.php?rest_route=\/wp\/v2\/posts\/20812\/revisions"}],"predecessor-version":[{"id":20814,"href":"https:\/\/luisvaltierranoticias.com\/index.php?rest_route=\/wp\/v2\/posts\/20812\/revisions\/20814"}],"wp:featuredmedia":[{"embeddable":true,"href":"https:\/\/luisvaltierranoticias.com\/index.php?rest_route=\/wp\/v2\/media\/20813"}],"wp:attachment":[{"href":"https:\/\/luisvaltierranoticias.com\/index.php?rest_route=%2Fwp%2Fv2%2Fmedia&parent=20812"}],"wp:term":[{"taxonomy":"category","embeddable":true,"href":"https:\/\/luisvaltierranoticias.com\/index.php?rest_route=%2Fwp%2Fv2%2Fcategories&post=20812"},{"taxonomy":"post_tag","embeddable":true,"href":"https:\/\/luisvaltierranoticias.com\/index.php?rest_route=%2Fwp%2Fv2%2Ftags&post=20812"}],"curies":[{"name":"wp","href":"https:\/\/api.w.org\/{rel}","templated":true}]}}