{"id":20809,"date":"2026-08-30T18:21:27","date_gmt":"2026-08-30T23:21:27","guid":{"rendered":"https:\/\/luisvaltierranoticias.com\/?p=20809"},"modified":"2026-08-30T18:21:35","modified_gmt":"2026-08-30T23:21:35","slug":"estacion-palabra-festejara-18-anos-con-taller-creativo-para-ninas-y-ninos","status":"publish","type":"post","link":"https:\/\/luisvaltierranoticias.com\/?p=20809","title":{"rendered":"Estaci\u00f3n Palabra festejar\u00e1 18 a\u00f1os con taller creativo para ni\u00f1as y ni\u00f1os"},"content":{"rendered":"\n<p class=\"wp-block-paragraph\">Por: Fernanda Valtierra | #NuevoLaredo #Laredo #NLD #Tamaulipas<\/p>\n\n\n\n<p class=\"wp-block-paragraph\">Nuevo Laredo, Tamaulipas.- Con una actividad pensada especialmente para despertar la imaginaci\u00f3n de las nuevas generaciones, Estaci\u00f3n Palabra \u201cGabriel Garc\u00eda M\u00e1rquez\u201d celebrar\u00e1 su 18 aniversario con una edici\u00f3n especial de \u201cMaquinitas Creativas\u201d.<\/p>\n\n\n\n<p class=\"wp-block-paragraph\">La Direcci\u00f3n de Arte y Cultura dio a conocer que el festejo incluir\u00e1 un taller en el que ni\u00f1as y ni\u00f1os podr\u00e1n elaborar su propio pastel de cumplea\u00f1os utilizando materiales reciclados. La propuesta busca combinar creatividad, aprendizaje y diversi\u00f3n en un espacio dedicado a la lectura y la cultura.<\/p>\n\n\n\n<p class=\"wp-block-paragraph\">La actividad se llevar\u00e1 a cabo el s\u00e1bado 5 de septiembre, a las 12:00 horas, en la Sala Infantil de Estaci\u00f3n Palabra, donde los participantes tendr\u00e1n la oportunidad de desarrollar una creaci\u00f3n propia mientras conocen un poco m\u00e1s sobre la historia y trayectoria de este recinto cultural.<\/p>\n\n\n\n<p class=\"wp-block-paragraph\">El cupo estar\u00e1 limitado a 70 ni\u00f1as y ni\u00f1os, por lo que las familias interesadas deber\u00e1n realizar su registro con anticipaci\u00f3n.<\/p>\n\n\n\n<p class=\"wp-block-paragraph\">Para solicitar informaci\u00f3n o apartar un lugar, est\u00e1 disponible el tel\u00e9fono 867 713-47-46.<\/p>\n\n\n\n<p class=\"wp-block-paragraph\">La celebraci\u00f3n forma parte de las actividades que buscan acercar a la ni\u00f1ez a los espacios culturales de la ciudad mediante propuestas en las que la lectura, el juego y la expresi\u00f3n art\u00edstica tienen un papel central.<\/p>\n\n\n\n<p class=\"wp-block-paragraph\">A 18 a\u00f1os de su creaci\u00f3n, Estaci\u00f3n Palabra contin\u00faa como uno de los espacios dedicados a promover el gusto por los libros y la cultura entre las familias neolaredenses, particularmente entre ni\u00f1as, ni\u00f1os y j\u00f3venes.<\/p>\n\n\n\n<p class=\"wp-block-paragraph\">Con este tipo de actividades, el Gobierno Municipal mantiene una agenda dirigida al p\u00fablico infantil, con alternativas que adem\u00e1s de ofrecer entretenimiento buscan estimular la imaginaci\u00f3n y despertar desde temprana edad el inter\u00e9s por la lectura y las distintas manifestaciones culturales.<\/p>\n","protected":false},"excerpt":{"rendered":"<p>Por: Fernanda Valtierra | #NuevoLaredo #Laredo #NLD #Tamaulipas Nuevo Laredo, Tamaulipas.- Con una actividad pensada especialmente para despertar la imaginaci\u00f3n de las nuevas generaciones, Estaci\u00f3n Palabra \u201cGabriel Garc\u00eda M\u00e1rquez\u201d celebrar\u00e1 su 18 aniversario con una edici\u00f3n especial de \u201cMaquinitas Creativas\u201d. La Direcci\u00f3n de Arte y Cultura dio a conocer que el festejo incluir\u00e1 un taller [&hellip;]<\/p>\n","protected":false},"author":1,"featured_media":20810,"comment_status":"open","ping_status":"open","sticky":false,"template":"","format":"standard","meta":{"footnotes":""},"categories":[31],"tags":[],"class_list":["post-20809","post","type-post","status-publish","format-standard","has-post-thumbnail","category-nuevo-laredo"],"amp_enabled":true,"_links":{"self":[{"href":"https:\/\/luisvaltierranoticias.com\/index.php?rest_route=\/wp\/v2\/posts\/20809","targetHints":{"allow":["GET"]}}],"collection":[{"href":"https:\/\/luisvaltierranoticias.com\/index.php?rest_route=\/wp\/v2\/posts"}],"about":[{"href":"https:\/\/luisvaltierranoticias.com\/index.php?rest_route=\/wp\/v2\/types\/post"}],"author":[{"embeddable":true,"href":"https:\/\/luisvaltierranoticias.com\/index.php?rest_route=\/wp\/v2\/users\/1"}],"replies":[{"embeddable":true,"href":"https:\/\/luisvaltierranoticias.com\/index.php?rest_route=%2Fwp%2Fv2%2Fcomments&post=20809"}],"version-history":[{"count":1,"href":"https:\/\/luisvaltierranoticias.com\/index.php?rest_route=\/wp\/v2\/posts\/20809\/revisions"}],"predecessor-version":[{"id":20811,"href":"https:\/\/luisvaltierranoticias.com\/index.php?rest_route=\/wp\/v2\/posts\/20809\/revisions\/20811"}],"wp:featuredmedia":[{"embeddable":true,"href":"https:\/\/luisvaltierranoticias.com\/index.php?rest_route=\/wp\/v2\/media\/20810"}],"wp:attachment":[{"href":"https:\/\/luisvaltierranoticias.com\/index.php?rest_route=%2Fwp%2Fv2%2Fmedia&parent=20809"}],"wp:term":[{"taxonomy":"category","embeddable":true,"href":"https:\/\/luisvaltierranoticias.com\/index.php?rest_route=%2Fwp%2Fv2%2Fcategories&post=20809"},{"taxonomy":"post_tag","embeddable":true,"href":"https:\/\/luisvaltierranoticias.com\/index.php?rest_route=%2Fwp%2Fv2%2Ftags&post=20809"}],"curies":[{"name":"wp","href":"https:\/\/api.w.org\/{rel}","templated":true}]}}