{"id":20310,"date":"2026-07-16T14:05:25","date_gmt":"2026-07-16T19:05:25","guid":{"rendered":"https:\/\/luisvaltierranoticias.com\/?p=20310"},"modified":"2026-07-16T14:05:31","modified_gmt":"2026-07-16T19:05:31","slug":"imjuve-invita-a-disfrutar-del-bazar-joven-en-el-parque-viveros-y-apoyar-el-emprendimiento-local","status":"publish","type":"post","link":"https:\/\/luisvaltierranoticias.com\/?p=20310","title":{"rendered":"IMJUVE INVITA A DISFRUTAR DEL BAZAR JOVEN EN EL PARQUE VIVEROS Y APOYAR EL EMPRENDIMIENTO LOCAL"},"content":{"rendered":"\n<p class=\"wp-block-paragraph\">Por: Saul Venegas | #NuevoLaredo #Laredo #NLD #Tamaulipas<\/p>\n\n\n\n<p class=\"wp-block-paragraph\">Nuevo Laredo, Tamaulipas &#8211; Con el objetivo de abrir m\u00e1s espacios para que las nuevas generaciones impulsen sus proyectos y den a conocer su talento, el Gobierno Municipal de Nuevo Laredo, a trav\u00e9s del Instituto Municipal para el Desarrollo de la Juventud (IMJUVE), realizar\u00e1 una nueva edici\u00f3n del Bazar Joven, donde emprendedores locales ofrecer\u00e1n una amplia variedad de productos elaborados por ellos mismos.<\/p>\n\n\n\n<p class=\"wp-block-paragraph\">El evento se llevar\u00e1 a cabo este viernes 17 de julio, en un horario de 4:00 de la tarde a 9:00 de la noche, en el \u00e1rea recreativa del Parque Viveros, donde las familias podr\u00e1n recorrer los distintos m\u00f3dulos, conocer las propuestas de j\u00f3venes empresarios y apoyar el consumo local en un ambiente de convivencia.<\/p>\n\n\n\n<p class=\"wp-block-paragraph\">Los asistentes encontrar\u00e1n art\u00edculos de moda, accesorios, artesan\u00edas, reposter\u00eda, postres, snacks y otras creaciones desarrolladas por emprendedores neolaredenses que buscan consolidar sus negocios y ampliar su presencia entre la comunidad.<\/p>\n\n\n\n<p class=\"wp-block-paragraph\">A lo largo de sus ediciones, el Bazar Joven se ha convertido en una plataforma para que las juventudes promuevan sus marcas, establezcan contacto con nuevos clientes y fortalezcan sus proyectos productivos, al tiempo que ofrecen a la ciudadan\u00eda una alternativa de entretenimiento y compras en un entorno familiar.<\/p>\n\n\n\n<p class=\"wp-block-paragraph\">El Gobierno Municipal destac\u00f3 que este tipo de actividades forman parte de las estrategias impulsadas por la administraci\u00f3n de la alcaldesa Carmen Lilia Canturosas Villarreal para respaldar el emprendimiento juvenil, incentivar la creatividad y generar oportunidades que contribuyan al desarrollo econ\u00f3mico de la ciudad.<\/p>\n\n\n\n<p class=\"wp-block-paragraph\">Finalmente, las autoridades reiteraron la invitaci\u00f3n a la poblaci\u00f3n para asistir al Parque Viveros, conocer el trabajo de los j\u00f3venes emprendedores y disfrutar de una tarde de convivencia, creatividad y apoyo al talento local.<\/p>\n","protected":false},"excerpt":{"rendered":"<p>Por: Saul Venegas | #NuevoLaredo #Laredo #NLD #Tamaulipas Nuevo Laredo, Tamaulipas &#8211; Con el objetivo de abrir m\u00e1s espacios para que las nuevas generaciones impulsen sus proyectos y den a conocer su talento, el Gobierno Municipal de Nuevo Laredo, a trav\u00e9s del Instituto Municipal para el Desarrollo de la Juventud (IMJUVE), realizar\u00e1 una nueva edici\u00f3n [&hellip;]<\/p>\n","protected":false},"author":1,"featured_media":20311,"comment_status":"open","ping_status":"open","sticky":false,"template":"","format":"standard","meta":{"footnotes":""},"categories":[31],"tags":[],"class_list":["post-20310","post","type-post","status-publish","format-standard","has-post-thumbnail","category-nuevo-laredo"],"amp_enabled":true,"_links":{"self":[{"href":"https:\/\/luisvaltierranoticias.com\/index.php?rest_route=\/wp\/v2\/posts\/20310","targetHints":{"allow":["GET"]}}],"collection":[{"href":"https:\/\/luisvaltierranoticias.com\/index.php?rest_route=\/wp\/v2\/posts"}],"about":[{"href":"https:\/\/luisvaltierranoticias.com\/index.php?rest_route=\/wp\/v2\/types\/post"}],"author":[{"embeddable":true,"href":"https:\/\/luisvaltierranoticias.com\/index.php?rest_route=\/wp\/v2\/users\/1"}],"replies":[{"embeddable":true,"href":"https:\/\/luisvaltierranoticias.com\/index.php?rest_route=%2Fwp%2Fv2%2Fcomments&post=20310"}],"version-history":[{"count":1,"href":"https:\/\/luisvaltierranoticias.com\/index.php?rest_route=\/wp\/v2\/posts\/20310\/revisions"}],"predecessor-version":[{"id":20312,"href":"https:\/\/luisvaltierranoticias.com\/index.php?rest_route=\/wp\/v2\/posts\/20310\/revisions\/20312"}],"wp:featuredmedia":[{"embeddable":true,"href":"https:\/\/luisvaltierranoticias.com\/index.php?rest_route=\/wp\/v2\/media\/20311"}],"wp:attachment":[{"href":"https:\/\/luisvaltierranoticias.com\/index.php?rest_route=%2Fwp%2Fv2%2Fmedia&parent=20310"}],"wp:term":[{"taxonomy":"category","embeddable":true,"href":"https:\/\/luisvaltierranoticias.com\/index.php?rest_route=%2Fwp%2Fv2%2Fcategories&post=20310"},{"taxonomy":"post_tag","embeddable":true,"href":"https:\/\/luisvaltierranoticias.com\/index.php?rest_route=%2Fwp%2Fv2%2Ftags&post=20310"}],"curies":[{"name":"wp","href":"https:\/\/api.w.org\/{rel}","templated":true}]}}