{"id":20306,"date":"2026-07-15T16:56:01","date_gmt":"2026-07-15T21:56:01","guid":{"rendered":"https:\/\/luisvaltierranoticias.com\/?p=20306"},"modified":"2026-07-15T16:56:06","modified_gmt":"2026-07-15T21:56:06","slug":"egresan-mil-650-estudiantes-de-las-preparatorias-municipales-de-nuevo-laredo-gobierno-municipal-refrenda-apuesta-por-la-educacion","status":"publish","type":"post","link":"https:\/\/luisvaltierranoticias.com\/?p=20306","title":{"rendered":"EGRESAN MIL 650 ESTUDIANTES DE LAS PREPARATORIAS MUNICIPALES DE NUEVO LAREDO; GOBIERNO MUNICIPAL REFRENDA APUESTA POR LA EDUCACI\u00d3N"},"content":{"rendered":"\n<p class=\"wp-block-paragraph\">Por: Fernanda Valtierra | #NuevoLaredo #Laredo #NLD #Tamaulipas<\/p>\n\n\n\n<p class=\"wp-block-paragraph\">Nuevo Laredo, Tamaulipas &#8211; Un total de mil 650 estudiantes concluyeron sus estudios de nivel medio superior en las preparatorias municipales de Nuevo Laredo, consolidando una nueva generaci\u00f3n de j\u00f3venes que se prepara para continuar su formaci\u00f3n profesional o integrarse al mercado laboral.<\/p>\n\n\n\n<p class=\"wp-block-paragraph\">Los egresados pertenecen a las preparatorias municipales &#8220;Manuel G\u00f3mez Mor\u00edn&#8221;, &#8220;Jos\u00e9 Vasconcelos&#8221; y &#8220;Elena Poniatowska&#8221;, instituciones que en los \u00faltimos a\u00f1os han fortalecido su infraestructura, equipamiento y oferta acad\u00e9mica mediante inversiones impulsadas por el Gobierno Municipal, como parte de una estrategia orientada a ampliar las oportunidades educativas para la juventud.<\/p>\n\n\n\n<p class=\"wp-block-paragraph\">La presidenta municipal, Carmen Lilia Canturosas Villarreal, asisti\u00f3 como madrina de generaci\u00f3n a las ceremonias de graduaci\u00f3n realizadas en el Centro Cultural Nuevo Laredo, donde felicit\u00f3 a las y los graduados por culminar una etapa decisiva de su formaci\u00f3n acad\u00e9mica y los exhort\u00f3 a continuar prepar\u00e1ndose para enfrentar los retos del futuro.<\/p>\n\n\n\n<p class=\"wp-block-paragraph\">&#8220;Cada certificado que hoy reciben representa el esfuerzo, la disciplina y la perseverancia de cada uno de ustedes. Seguiremos trabajando para que ning\u00fan joven vea limitadas sus aspiraciones por falta de oportunidades, porque creemos que la educaci\u00f3n es el camino para transformar vidas y construir un mejor Nuevo Laredo&#8221;, expres\u00f3 la alcaldesa.<\/p>\n\n\n\n<p class=\"wp-block-paragraph\">Durante su mensaje, destac\u00f3 que el fortalecimiento de la educaci\u00f3n p\u00fablica continuar\u00e1 siendo una prioridad de su administraci\u00f3n, mediante inversiones destinadas a mejorar los planteles, ampliar los espacios de aprendizaje y ofrecer mejores condiciones para que un mayor n\u00famero de estudiantes concluya exitosamente el bachillerato.<\/p>\n\n\n\n<p class=\"wp-block-paragraph\">Las ceremonias estuvieron marcadas por momentos de orgullo y emoci\u00f3n, con la presencia de cientos de familiares que acompa\u00f1aron a los graduados en uno de los logros m\u00e1s importantes de su trayectoria acad\u00e9mica.<\/p>\n\n\n\n<p class=\"wp-block-paragraph\">En el marco de los eventos tambi\u00e9n se entregaron medallas y reconocimientos a los alumnos con los promedios m\u00e1s altos de cada especialidad, tanto del turno matutino como vespertino, adem\u00e1s de premiar a los primeros lugares de cada generaci\u00f3n.<\/p>\n\n\n\n<p class=\"wp-block-paragraph\">Asimismo, fueron distinguidos estudiantes y asesores que representaron a Nuevo Laredo en la Feria Nacional de Clubes de Ciencia realizada en Piri\u00e1polis, Uruguay, as\u00ed como j\u00f3venes que obtuvieron destacados resultados en competencias internacionales de tochito y baloncesto.<\/p>\n\n\n\n<p class=\"wp-block-paragraph\">En representaci\u00f3n del personal docente, la profesora Mar\u00eda Nidia Benavides reconoci\u00f3 el respaldo que el Gobierno Municipal ha brindado a las preparatorias municipales, al considerar que las inversiones realizadas han contribuido a fortalecer la calidad educativa y ampliar las oportunidades para las nuevas generaciones.<\/p>\n\n\n\n<p class=\"wp-block-paragraph\">Por su parte, Maryha Monserrath Delgado del \u00c1ngel, alumna de la Preparatoria Municipal &#8220;Elena Poniatowska&#8221;, dirigi\u00f3 el mensaje de despedida de la generaci\u00f3n, en el que record\u00f3 las experiencias compartidas durante esta etapa y alent\u00f3 a sus compa\u00f1eros a seguir prepar\u00e1ndose para alcanzar sus metas.<\/p>\n\n\n\n<p class=\"wp-block-paragraph\">A las ceremonias asistieron la presidenta de la Comisi\u00f3n de Educaci\u00f3n, Leticia Yazm\u00edn Meneses Camino; el jefe del Centro Regional de Desarrollo Educativo en Nuevo Laredo, Joaqu\u00edn Medina Ontiveros; el secretario de Educaci\u00f3n, Javier Acebo Garza; el director de Educaci\u00f3n, Salvador Hern\u00e1ndez Carrillo, adem\u00e1s de autoridades educativas, docentes y familiares de los egresados.<\/p>\n","protected":false},"excerpt":{"rendered":"<p>Por: Fernanda Valtierra | #NuevoLaredo #Laredo #NLD #Tamaulipas Nuevo Laredo, Tamaulipas &#8211; Un total de mil 650 estudiantes concluyeron sus estudios de nivel medio superior en las preparatorias municipales de Nuevo Laredo, consolidando una nueva generaci\u00f3n de j\u00f3venes que se prepara para continuar su formaci\u00f3n profesional o integrarse al mercado laboral. Los egresados pertenecen a [&hellip;]<\/p>\n","protected":false},"author":1,"featured_media":20307,"comment_status":"open","ping_status":"open","sticky":false,"template":"","format":"standard","meta":{"footnotes":""},"categories":[59,31],"tags":[],"class_list":["post-20306","post","type-post","status-publish","format-standard","has-post-thumbnail","category-destacado","category-nuevo-laredo"],"amp_enabled":true,"_links":{"self":[{"href":"https:\/\/luisvaltierranoticias.com\/index.php?rest_route=\/wp\/v2\/posts\/20306","targetHints":{"allow":["GET"]}}],"collection":[{"href":"https:\/\/luisvaltierranoticias.com\/index.php?rest_route=\/wp\/v2\/posts"}],"about":[{"href":"https:\/\/luisvaltierranoticias.com\/index.php?rest_route=\/wp\/v2\/types\/post"}],"author":[{"embeddable":true,"href":"https:\/\/luisvaltierranoticias.com\/index.php?rest_route=\/wp\/v2\/users\/1"}],"replies":[{"embeddable":true,"href":"https:\/\/luisvaltierranoticias.com\/index.php?rest_route=%2Fwp%2Fv2%2Fcomments&post=20306"}],"version-history":[{"count":1,"href":"https:\/\/luisvaltierranoticias.com\/index.php?rest_route=\/wp\/v2\/posts\/20306\/revisions"}],"predecessor-version":[{"id":20308,"href":"https:\/\/luisvaltierranoticias.com\/index.php?rest_route=\/wp\/v2\/posts\/20306\/revisions\/20308"}],"wp:featuredmedia":[{"embeddable":true,"href":"https:\/\/luisvaltierranoticias.com\/index.php?rest_route=\/wp\/v2\/media\/20307"}],"wp:attachment":[{"href":"https:\/\/luisvaltierranoticias.com\/index.php?rest_route=%2Fwp%2Fv2%2Fmedia&parent=20306"}],"wp:term":[{"taxonomy":"category","embeddable":true,"href":"https:\/\/luisvaltierranoticias.com\/index.php?rest_route=%2Fwp%2Fv2%2Fcategories&post=20306"},{"taxonomy":"post_tag","embeddable":true,"href":"https:\/\/luisvaltierranoticias.com\/index.php?rest_route=%2Fwp%2Fv2%2Ftags&post=20306"}],"curies":[{"name":"wp","href":"https:\/\/api.w.org\/{rel}","templated":true}]}}