{"id":20300,"date":"2026-07-15T16:25:38","date_gmt":"2026-07-15T21:25:38","guid":{"rendered":"https:\/\/luisvaltierranoticias.com\/?p=20300"},"modified":"2026-07-15T16:25:42","modified_gmt":"2026-07-15T21:25:42","slug":"regidores-de-ocasion","status":"publish","type":"post","link":"https:\/\/luisvaltierranoticias.com\/?p=20300","title":{"rendered":"Regidores de ocasi\u00f3n"},"content":{"rendered":"\n<p class=\"wp-block-paragraph\">Por: Saul Venegas | #NuevoLaredo #Laredo #NLD #Tamaulipas<\/p>\n\n\n\n<p class=\"wp-block-paragraph\">Nuevo Laredo, Tamaulipas &#8211; En pol\u00edtica hay quienes parecen entender el servicio p\u00fablico \u00fanicamente cuando hay una c\u00e1mara encendida. En las sesiones de Cabildo levantan la voz, exigen respuestas, interpelan a los funcionarios y convierten cada intervenci\u00f3n en un mensaje dirigido a las redes sociales. El problema comienza cuando el debate deja de ser p\u00fablico y llega el momento de trabajar.<\/p>\n\n\n\n<p class=\"wp-block-paragraph\">Eso qued\u00f3 evidenciado esta semana.<\/p>\n\n\n\n<p class=\"wp-block-paragraph\">La Comisi\u00f3n de Agua Potable del Cabildo convoc\u00f3 a una reuni\u00f3n de trabajo para conocer, de voz de la gerente general de COMAPA, un informe t\u00e9cnico sobre el estado del sistema hidr\u00e1ulico, el suministro de agua, la infraestructura y las acciones emprendidas para enfrentar los retos del servicio. Era el escenario id\u00f3neo para plantear cuestionamientos, solicitar informaci\u00f3n, proponer alternativas y ejercer la funci\u00f3n de vigilancia que corresponde a cualquier integrante del Ayuntamiento.<\/p>\n\n\n\n<p class=\"wp-block-paragraph\">Sin embargo, la realidad fue muy distinta.<\/p>\n\n\n\n<p class=\"wp-block-paragraph\">Salvo la regidora panista Delia Cortez, los ediles del Partido Acci\u00f3n Nacional que con frecuencia convierten el tema del agua en el eje de sus intervenciones p\u00fablicas simplemente no acudieron al encuentro.<\/p>\n\n\n\n<p class=\"wp-block-paragraph\">No hubo preguntas.<\/p>\n\n\n\n<p class=\"wp-block-paragraph\">No hubo observaciones.<\/p>\n\n\n\n<p class=\"wp-block-paragraph\">No hubo propuestas.<\/p>\n\n\n\n<p class=\"wp-block-paragraph\">La ausencia resulta inevitablemente llamativa porque contrasta con la intensidad de los posicionamientos que suelen expresar durante las sesiones p\u00fablicas del Cabildo. Si el abastecimiento de agua es, como reiteradamente sostienen, uno de los problemas m\u00e1s urgentes para la ciudad, la l\u00f3gica indicar\u00eda que aprovechar\u00edan cualquier espacio institucional para profundizar en el tema y exigir explicaciones directamente a los responsables del organismo operador.<\/p>\n\n\n\n<p class=\"wp-block-paragraph\">Las comisiones municipales no son actos protocolarios. Son espacios donde se revisan proyectos, se analizan datos, se conocen diagn\u00f3sticos y se construyen acuerdos. Ah\u00ed es donde verdaderamente se realiza buena parte del trabajo de un regidor, lejos de los reflectores y de las transmisiones en vivo.<\/p>\n\n\n\n<p class=\"wp-block-paragraph\">Es v\u00e1lido cuestionar a la autoridad. Es parte de la democracia. Lo que tambi\u00e9n espera la ciudadan\u00eda es congruencia. Quien exige respuestas en p\u00fablico deber\u00eda estar dispuesto a buscarlas en las mesas de trabajo; quien se\u00f1ala deficiencias tendr\u00eda que presentar alternativas, y quien asegura defender los intereses de la poblaci\u00f3n no deber\u00eda ausentarse precisamente cuando tiene la oportunidad de informarse de primera mano.<\/p>\n\n\n\n<p class=\"wp-block-paragraph\">La pol\u00edtica necesita menos actuaciones y m\u00e1s responsabilidad.<\/p>\n\n\n\n<p class=\"wp-block-paragraph\">Los ciudadanos no eligieron representantes para protagonizar videos de unos cuantos segundos ni para limitar su participaci\u00f3n a los momentos de mayor exposici\u00f3n medi\u00e1tica. Los eligieron para estudiar los asuntos p\u00fablicos, asistir a las comisiones, analizar expedientes y participar activamente en la construcci\u00f3n de soluciones.<\/p>\n\n\n\n<p class=\"wp-block-paragraph\">Porque los problemas de una ciudad no se resuelven con discursos encendidos ni con publicaciones en redes sociales.<\/p>\n\n\n\n<p class=\"wp-block-paragraph\">Se enfrentan con preparaci\u00f3n, compromiso y trabajo constante.<\/p>\n\n\n\n<p class=\"wp-block-paragraph\">Y, en esta ocasi\u00f3n, ese trabajo tuvo demasiadas sillas vac\u00edas.<\/p>\n","protected":false},"excerpt":{"rendered":"<p>Por: Saul Venegas | #NuevoLaredo #Laredo #NLD #Tamaulipas Nuevo Laredo, Tamaulipas &#8211; En pol\u00edtica hay quienes parecen entender el servicio p\u00fablico \u00fanicamente cuando hay una c\u00e1mara encendida. En las sesiones de Cabildo levantan la voz, exigen respuestas, interpelan a los funcionarios y convierten cada intervenci\u00f3n en un mensaje dirigido a las redes sociales. El problema [&hellip;]<\/p>\n","protected":false},"author":1,"featured_media":20301,"comment_status":"open","ping_status":"open","sticky":false,"template":"","format":"standard","meta":{"footnotes":""},"categories":[31],"tags":[],"class_list":["post-20300","post","type-post","status-publish","format-standard","has-post-thumbnail","category-nuevo-laredo"],"amp_enabled":true,"_links":{"self":[{"href":"https:\/\/luisvaltierranoticias.com\/index.php?rest_route=\/wp\/v2\/posts\/20300","targetHints":{"allow":["GET"]}}],"collection":[{"href":"https:\/\/luisvaltierranoticias.com\/index.php?rest_route=\/wp\/v2\/posts"}],"about":[{"href":"https:\/\/luisvaltierranoticias.com\/index.php?rest_route=\/wp\/v2\/types\/post"}],"author":[{"embeddable":true,"href":"https:\/\/luisvaltierranoticias.com\/index.php?rest_route=\/wp\/v2\/users\/1"}],"replies":[{"embeddable":true,"href":"https:\/\/luisvaltierranoticias.com\/index.php?rest_route=%2Fwp%2Fv2%2Fcomments&post=20300"}],"version-history":[{"count":1,"href":"https:\/\/luisvaltierranoticias.com\/index.php?rest_route=\/wp\/v2\/posts\/20300\/revisions"}],"predecessor-version":[{"id":20302,"href":"https:\/\/luisvaltierranoticias.com\/index.php?rest_route=\/wp\/v2\/posts\/20300\/revisions\/20302"}],"wp:featuredmedia":[{"embeddable":true,"href":"https:\/\/luisvaltierranoticias.com\/index.php?rest_route=\/wp\/v2\/media\/20301"}],"wp:attachment":[{"href":"https:\/\/luisvaltierranoticias.com\/index.php?rest_route=%2Fwp%2Fv2%2Fmedia&parent=20300"}],"wp:term":[{"taxonomy":"category","embeddable":true,"href":"https:\/\/luisvaltierranoticias.com\/index.php?rest_route=%2Fwp%2Fv2%2Fcategories&post=20300"},{"taxonomy":"post_tag","embeddable":true,"href":"https:\/\/luisvaltierranoticias.com\/index.php?rest_route=%2Fwp%2Fv2%2Ftags&post=20300"}],"curies":[{"name":"wp","href":"https:\/\/api.w.org\/{rel}","templated":true}]}}