{"id":19217,"date":"2026-04-30T19:20:31","date_gmt":"2026-05-01T00:20:31","guid":{"rendered":"https:\/\/luisvaltierranoticias.com\/?p=19217"},"modified":"2026-04-30T19:20:34","modified_gmt":"2026-05-01T00:20:34","slug":"tras-decadas-de-espera-cabildo-regulariza-terreno-del-tecnologico-y-destraba-acceso-a-inversion","status":"publish","type":"post","link":"https:\/\/luisvaltierranoticias.com\/?p=19217","title":{"rendered":"Tras d\u00e9cadas de espera, Cabildo regulariza terreno del Tecnol\u00f3gico y destraba acceso a inversi\u00f3n"},"content":{"rendered":"\n<p>Por: Luis Valtierra | #NuevoLaredo #Laredo #NLD #Tamaulipas<\/p>\n\n\n\n<p>Nuevo Laredo, Tamaulipas.\u2013 El Cabildo local aprob\u00f3 por unanimidad la donaci\u00f3n de un predio municipal al Instituto Tecnol\u00f3gico de Nuevo Laredo, una decisi\u00f3n que cierra un rezago hist\u00f3rico y abre la puerta a nuevas inversiones en infraestructura educativa.<\/p>\n\n\n\n<p>El terreno, con una extensi\u00f3n superior a los 170 mil metros cuadrados, ha sido utilizado por la instituci\u00f3n desde 1978 sin contar con la formalizaci\u00f3n legal correspondiente. Esta condici\u00f3n limitaba el acceso a programas de financiamiento y proyectos de mejora, situaci\u00f3n que ahora queda resuelta con la regularizaci\u00f3n patrimonial.<\/p>\n\n\n\n<p>Durante la sesi\u00f3n, la alcaldesa Carmen Lilia Canturosas sostuvo que la medida responde a una voluntad pol\u00edtica que, asegur\u00f3, no se hab\u00eda concretado en administraciones anteriores. Se\u00f1al\u00f3 que la donaci\u00f3n representa un acto de orden administrativo que permitir\u00e1 consolidar el crecimiento del plantel.<\/p>\n\n\n\n<p>La formalizaci\u00f3n del predio permitir\u00e1 al tecnol\u00f3gico gestionar recursos tanto federales como estatales para ampliar y modernizar sus instalaciones, lo que impactar\u00e1 directamente a una comunidad de m\u00e1s de 3,500 estudiantes, adem\u00e1s del personal docente y administrativo.<\/p>\n\n\n\n<p>Por su parte, el director del instituto, Benito S\u00e1nchez Raya, reconoci\u00f3 el respaldo del gobierno municipal y calific\u00f3 la decisi\u00f3n como un paso determinante para el desarrollo de la instituci\u00f3n y de la ciudad.<\/p>\n\n\n\n<p>El acuerdo aprobado por el Cabildo no solo regulariza la situaci\u00f3n jur\u00eddica del inmueble, sino que establece condiciones para fortalecer la oferta educativa y mejorar la infraestructura, en un contexto donde la demanda de educaci\u00f3n superior sigue en aumento.<\/p>\n","protected":false},"excerpt":{"rendered":"<p>Por: Luis Valtierra | #NuevoLaredo #Laredo #NLD #Tamaulipas Nuevo Laredo, Tamaulipas.\u2013 El Cabildo local aprob\u00f3 por unanimidad la donaci\u00f3n de un predio municipal al Instituto Tecnol\u00f3gico de Nuevo Laredo, una decisi\u00f3n que cierra un rezago hist\u00f3rico y abre la puerta a nuevas inversiones en infraestructura educativa. El terreno, con una extensi\u00f3n superior a los 170 [&hellip;]<\/p>\n","protected":false},"author":1,"featured_media":19218,"comment_status":"open","ping_status":"open","sticky":false,"template":"","format":"standard","meta":{"footnotes":""},"categories":[59,31],"tags":[],"class_list":{"0":"post-19217","1":"post","2":"type-post","3":"status-publish","4":"format-standard","5":"has-post-thumbnail","7":"category-destacado","8":"category-nuevo-laredo"},"amp_enabled":true,"_links":{"self":[{"href":"https:\/\/luisvaltierranoticias.com\/index.php?rest_route=\/wp\/v2\/posts\/19217","targetHints":{"allow":["GET"]}}],"collection":[{"href":"https:\/\/luisvaltierranoticias.com\/index.php?rest_route=\/wp\/v2\/posts"}],"about":[{"href":"https:\/\/luisvaltierranoticias.com\/index.php?rest_route=\/wp\/v2\/types\/post"}],"author":[{"embeddable":true,"href":"https:\/\/luisvaltierranoticias.com\/index.php?rest_route=\/wp\/v2\/users\/1"}],"replies":[{"embeddable":true,"href":"https:\/\/luisvaltierranoticias.com\/index.php?rest_route=%2Fwp%2Fv2%2Fcomments&post=19217"}],"version-history":[{"count":1,"href":"https:\/\/luisvaltierranoticias.com\/index.php?rest_route=\/wp\/v2\/posts\/19217\/revisions"}],"predecessor-version":[{"id":19219,"href":"https:\/\/luisvaltierranoticias.com\/index.php?rest_route=\/wp\/v2\/posts\/19217\/revisions\/19219"}],"wp:featuredmedia":[{"embeddable":true,"href":"https:\/\/luisvaltierranoticias.com\/index.php?rest_route=\/wp\/v2\/media\/19218"}],"wp:attachment":[{"href":"https:\/\/luisvaltierranoticias.com\/index.php?rest_route=%2Fwp%2Fv2%2Fmedia&parent=19217"}],"wp:term":[{"taxonomy":"category","embeddable":true,"href":"https:\/\/luisvaltierranoticias.com\/index.php?rest_route=%2Fwp%2Fv2%2Fcategories&post=19217"},{"taxonomy":"post_tag","embeddable":true,"href":"https:\/\/luisvaltierranoticias.com\/index.php?rest_route=%2Fwp%2Fv2%2Ftags&post=19217"}],"curies":[{"name":"wp","href":"https:\/\/api.w.org\/{rel}","templated":true}]}}