{"id":19214,"date":"2026-04-30T19:16:19","date_gmt":"2026-05-01T00:16:19","guid":{"rendered":"https:\/\/luisvaltierranoticias.com\/?p=19214"},"modified":"2026-04-30T19:16:23","modified_gmt":"2026-05-01T00:16:23","slug":"reforestan-la-peninsula-y-el-laguito-con-participacion-masiva-de-jovenes","status":"publish","type":"post","link":"https:\/\/luisvaltierranoticias.com\/?p=19214","title":{"rendered":"Reforestan La Pen\u00ednsula y El Laguito con participaci\u00f3n masiva de j\u00f3venes"},"content":{"rendered":"\n<p>Por: Luis Rosales | #NuevoLaredo #Laredo #NLD #Tamaulipas<\/p>\n\n\n\n<p>Nuevo Laredo, Tamaulipas.\u2013 La estrategia ambiental del gobierno municipal sum\u00f3 una nueva fase con la plantaci\u00f3n de 300 \u00e1rboles en espacios p\u00fablicos clave de la ciudad, particularmente en las \u00e1reas de La Pen\u00ednsula y El Laguito, donde se busca recuperar zonas verdes y mejorar las condiciones del entorno urbano.<\/p>\n\n\n\n<p>En esta segunda etapa, 90 ejemplares fueron sembrados durante una jornada que reuni\u00f3 a m\u00e1s de 200 estudiantes de distintos niveles educativos, quienes se integraron a las labores de reforestaci\u00f3n como parte de un esfuerzo colectivo para fortalecer la cultura ambiental.<\/p>\n\n\n\n<p>La actividad, coordinada por la instancia municipal de gesti\u00f3n ambiental, forma parte de un plan m\u00e1s amplio enfocado en incrementar la cobertura vegetal mediante especies nativas, capaces de adaptarse a las condiciones clim\u00e1ticas de la regi\u00f3n y de contribuir al equilibrio ecol\u00f3gico.<\/p>\n\n\n\n<p>Entre las variedades utilizadas destaca el mezquite, una especie resistente a temperaturas extremas y de bajo consumo h\u00eddrico, adem\u00e1s de su importancia en los procesos de polinizaci\u00f3n y conservaci\u00f3n de la biodiversidad local.<\/p>\n\n\n\n<p>Autoridades locales subrayaron que este tipo de acciones no solo impactan en la calidad ambiental, sino que tambi\u00e9n promueven la participaci\u00f3n social, al involucrar a j\u00f3venes en actividades que refuerzan el sentido de responsabilidad hacia el entorno.<\/p>\n\n\n\n<p>A la par de estas jornadas, el municipio impulsa la creaci\u00f3n de jardines polinizadores en distintos puntos de la ciudad, con el objetivo de favorecer la presencia de especies como abejas y mariposas, esenciales para los ecosistemas.<\/p>\n\n\n\n<p>Con estas intervenciones, la administraci\u00f3n municipal busca avanzar hacia un modelo de desarrollo m\u00e1s sostenible, donde la recuperaci\u00f3n de espacios p\u00fablicos y el cuidado de los recursos naturales formen parte de una pol\u00edtica permanente.<\/p>\n","protected":false},"excerpt":{"rendered":"<p>Por: Luis Rosales | #NuevoLaredo #Laredo #NLD #Tamaulipas Nuevo Laredo, Tamaulipas.\u2013 La estrategia ambiental del gobierno municipal sum\u00f3 una nueva fase con la plantaci\u00f3n de 300 \u00e1rboles en espacios p\u00fablicos clave de la ciudad, particularmente en las \u00e1reas de La Pen\u00ednsula y El Laguito, donde se busca recuperar zonas verdes y mejorar las condiciones del [&hellip;]<\/p>\n","protected":false},"author":1,"featured_media":19215,"comment_status":"open","ping_status":"open","sticky":false,"template":"","format":"standard","meta":{"footnotes":""},"categories":[31],"tags":[],"class_list":{"0":"post-19214","1":"post","2":"type-post","3":"status-publish","4":"format-standard","5":"has-post-thumbnail","7":"category-nuevo-laredo"},"amp_enabled":true,"_links":{"self":[{"href":"https:\/\/luisvaltierranoticias.com\/index.php?rest_route=\/wp\/v2\/posts\/19214","targetHints":{"allow":["GET"]}}],"collection":[{"href":"https:\/\/luisvaltierranoticias.com\/index.php?rest_route=\/wp\/v2\/posts"}],"about":[{"href":"https:\/\/luisvaltierranoticias.com\/index.php?rest_route=\/wp\/v2\/types\/post"}],"author":[{"embeddable":true,"href":"https:\/\/luisvaltierranoticias.com\/index.php?rest_route=\/wp\/v2\/users\/1"}],"replies":[{"embeddable":true,"href":"https:\/\/luisvaltierranoticias.com\/index.php?rest_route=%2Fwp%2Fv2%2Fcomments&post=19214"}],"version-history":[{"count":1,"href":"https:\/\/luisvaltierranoticias.com\/index.php?rest_route=\/wp\/v2\/posts\/19214\/revisions"}],"predecessor-version":[{"id":19216,"href":"https:\/\/luisvaltierranoticias.com\/index.php?rest_route=\/wp\/v2\/posts\/19214\/revisions\/19216"}],"wp:featuredmedia":[{"embeddable":true,"href":"https:\/\/luisvaltierranoticias.com\/index.php?rest_route=\/wp\/v2\/media\/19215"}],"wp:attachment":[{"href":"https:\/\/luisvaltierranoticias.com\/index.php?rest_route=%2Fwp%2Fv2%2Fmedia&parent=19214"}],"wp:term":[{"taxonomy":"category","embeddable":true,"href":"https:\/\/luisvaltierranoticias.com\/index.php?rest_route=%2Fwp%2Fv2%2Fcategories&post=19214"},{"taxonomy":"post_tag","embeddable":true,"href":"https:\/\/luisvaltierranoticias.com\/index.php?rest_route=%2Fwp%2Fv2%2Ftags&post=19214"}],"curies":[{"name":"wp","href":"https:\/\/api.w.org\/{rel}","templated":true}]}}