{"id":19208,"date":"2026-04-30T19:05:15","date_gmt":"2026-05-01T00:05:15","guid":{"rendered":"https:\/\/luisvaltierranoticias.com\/?p=19208"},"modified":"2026-04-30T19:05:19","modified_gmt":"2026-05-01T00:05:19","slug":"pinceles-que-transforman-bibliotecas-de-nuevo-laredo-se-convierten-en-aulas-de-arte","status":"publish","type":"post","link":"https:\/\/luisvaltierranoticias.com\/?p=19208","title":{"rendered":"Pinceles que transforman: bibliotecas de Nuevo Laredo se convierten en aulas de arte"},"content":{"rendered":"\n<p>Por: Fernanda Valtierra | #NuevoLaredo #Laredo #NLD #Tamaulipas<\/p>\n\n\n\n<p>Nuevo Laredo, Tamaulipas.\u2013 Las bibliotecas p\u00fablicas de la ciudad dejaron por un momento los libros en segundo plano para abrir paso a los lienzos, los pinceles y la creatividad. Ni\u00f1as, ni\u00f1os, j\u00f3venes y adultos participaron en una serie de actividades enfocadas en las artes pl\u00e1sticas, donde aprendieron t\u00e9cnicas b\u00e1sicas para representar rostros, paisajes y diversas composiciones con pintura acr\u00edlica.<\/p>\n\n\n\n<p>La iniciativa, titulada El maravilloso mundo del arte, se desarroll\u00f3 en el marco del D\u00eda Mundial del Arte, con el prop\u00f3sito de acercar a la comunidad a expresiones art\u00edsticas y fomentar la sensibilidad cultural entre los usuarios de estos espacios.<\/p>\n\n\n\n<p>El taller fue impartido por el pintor neolaredense Juan \u201cChacho\u201d D\u00edaz, quien encabez\u00f3 sesiones pr\u00e1cticas, charlas y una breve exposici\u00f3n de obras montadas en caballetes. Adem\u00e1s de compartir conocimientos t\u00e9cnicos, el artista realiz\u00f3 un retrato en vivo, captando la atenci\u00f3n de los asistentes.<\/p>\n\n\n\n<p>De acuerdo con Marcos Rodr\u00edguez Leija, coordinador de Bibliotecas P\u00fablicas, este tipo de actividades forman parte de una estrategia para ampliar la oferta cultural y educativa en estos recintos. Se\u00f1al\u00f3 que el objetivo es convertirlos en espacios din\u00e1micos que promuevan la integraci\u00f3n social y el acceso a distintas disciplinas del conocimiento.<\/p>\n\n\n\n<p>Las jornadas art\u00edsticas se llevaron a cabo en las bibliotecas Emiliano Zapata y Fidel Cu\u00e9llar, as\u00ed como en la Infoteca Sor Juana In\u00e9s de la Cruz, donde se concentr\u00f3 la mayor parte de las actividades. En cada sede, los participantes tuvieron la oportunidad de experimentar con t\u00e9cnicas pict\u00f3ricas y explorar su creatividad.<\/p>\n\n\n\n<p>Con estas acciones, las bibliotecas p\u00fablicas refuerzan su papel como centros de encuentro comunitario, donde el arte, la cultura y la educaci\u00f3n convergen m\u00e1s all\u00e1 de las consultas acad\u00e9micas tradicionales.<\/p>\n","protected":false},"excerpt":{"rendered":"<p>Por: Fernanda Valtierra | #NuevoLaredo #Laredo #NLD #Tamaulipas Nuevo Laredo, Tamaulipas.\u2013 Las bibliotecas p\u00fablicas de la ciudad dejaron por un momento los libros en segundo plano para abrir paso a los lienzos, los pinceles y la creatividad. Ni\u00f1as, ni\u00f1os, j\u00f3venes y adultos participaron en una serie de actividades enfocadas en las artes pl\u00e1sticas, donde aprendieron [&hellip;]<\/p>\n","protected":false},"author":1,"featured_media":19209,"comment_status":"open","ping_status":"open","sticky":false,"template":"","format":"standard","meta":{"footnotes":""},"categories":[31],"tags":[],"class_list":{"0":"post-19208","1":"post","2":"type-post","3":"status-publish","4":"format-standard","5":"has-post-thumbnail","7":"category-nuevo-laredo"},"amp_enabled":true,"_links":{"self":[{"href":"https:\/\/luisvaltierranoticias.com\/index.php?rest_route=\/wp\/v2\/posts\/19208","targetHints":{"allow":["GET"]}}],"collection":[{"href":"https:\/\/luisvaltierranoticias.com\/index.php?rest_route=\/wp\/v2\/posts"}],"about":[{"href":"https:\/\/luisvaltierranoticias.com\/index.php?rest_route=\/wp\/v2\/types\/post"}],"author":[{"embeddable":true,"href":"https:\/\/luisvaltierranoticias.com\/index.php?rest_route=\/wp\/v2\/users\/1"}],"replies":[{"embeddable":true,"href":"https:\/\/luisvaltierranoticias.com\/index.php?rest_route=%2Fwp%2Fv2%2Fcomments&post=19208"}],"version-history":[{"count":1,"href":"https:\/\/luisvaltierranoticias.com\/index.php?rest_route=\/wp\/v2\/posts\/19208\/revisions"}],"predecessor-version":[{"id":19210,"href":"https:\/\/luisvaltierranoticias.com\/index.php?rest_route=\/wp\/v2\/posts\/19208\/revisions\/19210"}],"wp:featuredmedia":[{"embeddable":true,"href":"https:\/\/luisvaltierranoticias.com\/index.php?rest_route=\/wp\/v2\/media\/19209"}],"wp:attachment":[{"href":"https:\/\/luisvaltierranoticias.com\/index.php?rest_route=%2Fwp%2Fv2%2Fmedia&parent=19208"}],"wp:term":[{"taxonomy":"category","embeddable":true,"href":"https:\/\/luisvaltierranoticias.com\/index.php?rest_route=%2Fwp%2Fv2%2Fcategories&post=19208"},{"taxonomy":"post_tag","embeddable":true,"href":"https:\/\/luisvaltierranoticias.com\/index.php?rest_route=%2Fwp%2Fv2%2Ftags&post=19208"}],"curies":[{"name":"wp","href":"https:\/\/api.w.org\/{rel}","templated":true}]}}