{"id":19204,"date":"2026-04-29T14:32:13","date_gmt":"2026-04-29T19:32:13","guid":{"rendered":"https:\/\/luisvaltierranoticias.com\/?p=19204"},"modified":"2026-04-29T14:32:18","modified_gmt":"2026-04-29T19:32:18","slug":"acceso-gratuito-a-zoologico-acuario-y-espacios-acuaticos-marcara-festejo-del-dia-del-nino-en-nuevo-laredo","status":"publish","type":"post","link":"https:\/\/luisvaltierranoticias.com\/?p=19204","title":{"rendered":"Acceso gratuito a zool\u00f3gico, acuario y espacios acu\u00e1ticos marcar\u00e1 festejo del D\u00eda del Ni\u00f1o en Nuevo Laredo"},"content":{"rendered":"\n<p>Por: Luis Rosales | #NuevoLaredo #Laredo #NLD #Tamaulipas<\/p>\n\n\n\n<p>Como parte de las actividades conmemorativas del D\u00eda del Ni\u00f1o, el Gobierno Municipal de Nuevo Laredo anunci\u00f3 la apertura sin costo de diversos espacios recreativos este 30 de abril, en una medida que busca facilitar el acceso al esparcimiento para las familias.<\/p>\n\n\n\n<p>La disposici\u00f3n, impulsada por la administraci\u00f3n que encabeza Carmen Lilia Canturosas Villarreal, contempla la entrada gratuita al zool\u00f3gico, al acuario y a la alberca Cam\u00e9cuaro, ubicada en el Parque Viveros.<\/p>\n\n\n\n<p>De acuerdo con la informaci\u00f3n oficial, tanto el zool\u00f3gico como el acuario operar\u00e1n en un horario de 11:00 a 18:00 horas, ofreciendo actividades enfocadas en la convivencia familiar y el aprendizaje. En paralelo, la alberca permanecer\u00e1 abierta para quienes busquen una alternativa ante las altas temperaturas.<\/p>\n\n\n\n<p>La autoridad municipal se\u00f1al\u00f3 que esta iniciativa forma parte de una estrategia orientada a garantizar el derecho de ni\u00f1as y ni\u00f1os a espacios de recreaci\u00f3n seguros y accesibles, especialmente en una fecha emblem\u00e1tica.<\/p>\n\n\n\n<p>Adem\u00e1s, se invit\u00f3 a la ciudadan\u00eda a considerar otros puntos p\u00fablicos disponibles durante la temporada de calor, como \u00e1reas acu\u00e1ticas en el Parque Viveros, El Laguito y las plazas conocidas como \u201cPies Mojados\u201d, que han ganado presencia como sitios de reuni\u00f3n familiar.<\/p>\n\n\n\n<p>El llamado tambi\u00e9n incluy\u00f3 la importancia de hacer un uso responsable de las instalaciones, respetando medidas de seguridad y contribuyendo a su conservaci\u00f3n.<\/p>\n\n\n\n<p>Con este tipo de acciones, el gobierno local busca acercar servicios y espacios p\u00fablicos a la poblaci\u00f3n, en un esfuerzo por fortalecer la convivencia social y ampliar las opciones de recreaci\u00f3n en la ciudad.<\/p>\n","protected":false},"excerpt":{"rendered":"<p>Por: Luis Rosales | #NuevoLaredo #Laredo #NLD #Tamaulipas Como parte de las actividades conmemorativas del D\u00eda del Ni\u00f1o, el Gobierno Municipal de Nuevo Laredo anunci\u00f3 la apertura sin costo de diversos espacios recreativos este 30 de abril, en una medida que busca facilitar el acceso al esparcimiento para las familias. La disposici\u00f3n, impulsada por la [&hellip;]<\/p>\n","protected":false},"author":1,"featured_media":19205,"comment_status":"open","ping_status":"open","sticky":false,"template":"","format":"standard","meta":{"footnotes":""},"categories":[31],"tags":[],"class_list":{"0":"post-19204","1":"post","2":"type-post","3":"status-publish","4":"format-standard","5":"has-post-thumbnail","7":"category-nuevo-laredo"},"amp_enabled":true,"_links":{"self":[{"href":"https:\/\/luisvaltierranoticias.com\/index.php?rest_route=\/wp\/v2\/posts\/19204","targetHints":{"allow":["GET"]}}],"collection":[{"href":"https:\/\/luisvaltierranoticias.com\/index.php?rest_route=\/wp\/v2\/posts"}],"about":[{"href":"https:\/\/luisvaltierranoticias.com\/index.php?rest_route=\/wp\/v2\/types\/post"}],"author":[{"embeddable":true,"href":"https:\/\/luisvaltierranoticias.com\/index.php?rest_route=\/wp\/v2\/users\/1"}],"replies":[{"embeddable":true,"href":"https:\/\/luisvaltierranoticias.com\/index.php?rest_route=%2Fwp%2Fv2%2Fcomments&post=19204"}],"version-history":[{"count":1,"href":"https:\/\/luisvaltierranoticias.com\/index.php?rest_route=\/wp\/v2\/posts\/19204\/revisions"}],"predecessor-version":[{"id":19206,"href":"https:\/\/luisvaltierranoticias.com\/index.php?rest_route=\/wp\/v2\/posts\/19204\/revisions\/19206"}],"wp:featuredmedia":[{"embeddable":true,"href":"https:\/\/luisvaltierranoticias.com\/index.php?rest_route=\/wp\/v2\/media\/19205"}],"wp:attachment":[{"href":"https:\/\/luisvaltierranoticias.com\/index.php?rest_route=%2Fwp%2Fv2%2Fmedia&parent=19204"}],"wp:term":[{"taxonomy":"category","embeddable":true,"href":"https:\/\/luisvaltierranoticias.com\/index.php?rest_route=%2Fwp%2Fv2%2Fcategories&post=19204"},{"taxonomy":"post_tag","embeddable":true,"href":"https:\/\/luisvaltierranoticias.com\/index.php?rest_route=%2Fwp%2Fv2%2Ftags&post=19204"}],"curies":[{"name":"wp","href":"https:\/\/api.w.org\/{rel}","templated":true}]}}