{"id":19198,"date":"2026-04-29T14:15:42","date_gmt":"2026-04-29T19:15:42","guid":{"rendered":"https:\/\/luisvaltierranoticias.com\/?p=19198"},"modified":"2026-04-29T14:15:46","modified_gmt":"2026-04-29T19:15:46","slug":"abren-cursos-de-natacion-en-nuevo-laredo-buscan-ampliar-acceso-al-deporte-y-la-salud","status":"publish","type":"post","link":"https:\/\/luisvaltierranoticias.com\/?p=19198","title":{"rendered":"Abren cursos de nataci\u00f3n en Nuevo Laredo; buscan ampliar acceso al deporte y la salud"},"content":{"rendered":"\n<p>Por: Iv\u00e1n Zertuche | #NuevoLaredo #Laredo #NLD #Tamaulipas<\/p>\n\n\n\n<p>El Gobierno Municipal de Nuevo Laredo anunci\u00f3 el inicio del periodo de inscripciones para los cursos de nataci\u00f3n 2026, que se impartir\u00e1n del 4 al 29 de mayo en la alberca semiol\u00edmpica de la Unidad Deportiva Lic. Benito Ju\u00e1rez.<\/p>\n\n\n\n<p>La convocatoria est\u00e1 dirigida a poblaci\u00f3n de todas las edades, desde ni\u00f1as y ni\u00f1os hasta personas adultas, con horarios vespertinos de 17:00 a 21:00 horas. El programa contempla distintos niveles de aprendizaje, desde principiantes hasta avanzados, adem\u00e1s de un grupo orientado a quienes buscan integrarse a un esquema competitivo.<\/p>\n\n\n\n<p>De acuerdo con la informaci\u00f3n oficial, los participantes ser\u00e1n asignados seg\u00fan su experiencia previa, con el objetivo de garantizar una progresi\u00f3n adecuada bajo la supervisi\u00f3n de instructores especializados.<\/p>\n\n\n\n<p>M\u00e1s all\u00e1 de la ense\u00f1anza t\u00e9cnica, la autoridad municipal plantea estos cursos como una alternativa para fortalecer la salud f\u00edsica, mejorar la resistencia y fomentar h\u00e1bitos positivos entre la poblaci\u00f3n. La nataci\u00f3n, subrayan, tambi\u00e9n contribuye al desarrollo de habilidades personales como la disciplina y la constancia.<\/p>\n\n\n\n<p>El cupo ser\u00e1 limitado, por lo que se recomienda a los interesados realizar su registro con anticipaci\u00f3n. Para mayores informes, se habilit\u00f3 atenci\u00f3n telef\u00f3nica y directa en las instalaciones deportivas.<\/p>\n\n\n\n<p>Con esta oferta, el municipio busca mantener activos los espacios p\u00fablicos y promover actividades que incidan en el bienestar de las familias, en una ciudad donde la infraestructura deportiva intenta responder a una demanda creciente.<\/p>\n","protected":false},"excerpt":{"rendered":"<p>Por: Iv\u00e1n Zertuche | #NuevoLaredo #Laredo #NLD #Tamaulipas El Gobierno Municipal de Nuevo Laredo anunci\u00f3 el inicio del periodo de inscripciones para los cursos de nataci\u00f3n 2026, que se impartir\u00e1n del 4 al 29 de mayo en la alberca semiol\u00edmpica de la Unidad Deportiva Lic. Benito Ju\u00e1rez. La convocatoria est\u00e1 dirigida a poblaci\u00f3n de todas [&hellip;]<\/p>\n","protected":false},"author":1,"featured_media":19199,"comment_status":"open","ping_status":"open","sticky":false,"template":"","format":"standard","meta":{"footnotes":""},"categories":[31],"tags":[],"class_list":{"0":"post-19198","1":"post","2":"type-post","3":"status-publish","4":"format-standard","5":"has-post-thumbnail","7":"category-nuevo-laredo"},"amp_enabled":true,"_links":{"self":[{"href":"https:\/\/luisvaltierranoticias.com\/index.php?rest_route=\/wp\/v2\/posts\/19198","targetHints":{"allow":["GET"]}}],"collection":[{"href":"https:\/\/luisvaltierranoticias.com\/index.php?rest_route=\/wp\/v2\/posts"}],"about":[{"href":"https:\/\/luisvaltierranoticias.com\/index.php?rest_route=\/wp\/v2\/types\/post"}],"author":[{"embeddable":true,"href":"https:\/\/luisvaltierranoticias.com\/index.php?rest_route=\/wp\/v2\/users\/1"}],"replies":[{"embeddable":true,"href":"https:\/\/luisvaltierranoticias.com\/index.php?rest_route=%2Fwp%2Fv2%2Fcomments&post=19198"}],"version-history":[{"count":1,"href":"https:\/\/luisvaltierranoticias.com\/index.php?rest_route=\/wp\/v2\/posts\/19198\/revisions"}],"predecessor-version":[{"id":19200,"href":"https:\/\/luisvaltierranoticias.com\/index.php?rest_route=\/wp\/v2\/posts\/19198\/revisions\/19200"}],"wp:featuredmedia":[{"embeddable":true,"href":"https:\/\/luisvaltierranoticias.com\/index.php?rest_route=\/wp\/v2\/media\/19199"}],"wp:attachment":[{"href":"https:\/\/luisvaltierranoticias.com\/index.php?rest_route=%2Fwp%2Fv2%2Fmedia&parent=19198"}],"wp:term":[{"taxonomy":"category","embeddable":true,"href":"https:\/\/luisvaltierranoticias.com\/index.php?rest_route=%2Fwp%2Fv2%2Fcategories&post=19198"},{"taxonomy":"post_tag","embeddable":true,"href":"https:\/\/luisvaltierranoticias.com\/index.php?rest_route=%2Fwp%2Fv2%2Ftags&post=19198"}],"curies":[{"name":"wp","href":"https:\/\/api.w.org\/{rel}","templated":true}]}}