{"id":19178,"date":"2026-04-28T20:34:33","date_gmt":"2026-04-29T01:34:33","guid":{"rendered":"https:\/\/luisvaltierranoticias.com\/?p=19178"},"modified":"2026-04-28T20:34:39","modified_gmt":"2026-04-29T01:34:39","slug":"parque-viveros-sera-sede-de-gran-festejo-infantil-con-espectaculos-y-acceso-gratuito-a-espacios-recreativos","status":"publish","type":"post","link":"https:\/\/luisvaltierranoticias.com\/?p=19178","title":{"rendered":"Parque Viveros ser\u00e1 sede de gran festejo infantil con espect\u00e1culos y acceso gratuito a espacios recreativos"},"content":{"rendered":"\n<p>Por: Fernanda Valtierra | #NuevoLaredo #Laredo #NLD #Tamaulipas<\/p>\n\n\n\n<p>El Gobierno Municipal y el Sistema DIF de Nuevo Laredo presentaron la programaci\u00f3n del Festival del D\u00eda del Ni\u00f1o 2026, una jornada dise\u00f1ada para reunir a las familias en torno al entretenimiento y la convivencia, que se llevar\u00e1 a cabo el pr\u00f3ximo 30 de abril en el Parque Viveros.<\/p>\n\n\n\n<p>La celebraci\u00f3n contempla una amplia oferta de actividades pensadas para el p\u00fablico infantil, con m\u00e1s de 20 m\u00f3dulos que incluir\u00e1n juegos de feria, din\u00e1micas de destreza, loter\u00eda, brincolines, \u00e1reas de pintacaritas, videojuegos y espacios interactivos. El arranque est\u00e1 previsto a partir de las 16:00 horas.<\/p>\n\n\n\n<p>Como parte del festejo, las autoridades informaron que durante ese d\u00eda el acceso al zool\u00f3gico, acuario y alberca ser\u00e1 gratuito, con el objetivo de ampliar las opciones de esparcimiento para las familias que acudan a la celebraci\u00f3n.<\/p>\n\n\n\n<p>El programa art\u00edstico iniciar\u00e1 a las 18:30 horas con la participaci\u00f3n de Glam Girls Dance Team. M\u00e1s tarde, a las 19:00 horas, el escenario ser\u00e1 tomado por Luilly el Payaso, quien ofrecer\u00e1 un espect\u00e1culo enfocado en la interacci\u00f3n con el p\u00fablico infantil.<\/p>\n\n\n\n<p>La cartelera continuar\u00e1 a las 20:00 horas con un tributo a personajes infantiles, seguido de otro espect\u00e1culo tem\u00e1tico que busca conectar con las preferencias de ni\u00f1as y ni\u00f1os. Posteriormente, a las 20:50 horas, se presentar\u00e1 Italian Brainbrots con un n\u00famero de corte din\u00e1mico.<\/p>\n\n\n\n<p>El cierre est\u00e1 programado para las 21:00 horas con un show inspirado en agrupaciones de pop coreano, que pondr\u00e1 fin a la jornada con una presentaci\u00f3n de alto ritmo.<\/p>\n\n\n\n<p>Adem\u00e1s de los espect\u00e1culos, se habilitar\u00e1n juegos mec\u00e1nicos sin costo para los asistentes, como parte de una estrategia orientada a generar espacios accesibles de recreaci\u00f3n.<\/p>\n\n\n\n<p>Con este festival, el Sistema DIF y el Gobierno Municipal buscan consolidar actividades que promuevan la convivencia familiar y ofrezcan a la ni\u00f1ez entornos seguros de esparcimiento en una de las fechas m\u00e1s significativas para este sector de la poblaci\u00f3n.<\/p>\n","protected":false},"excerpt":{"rendered":"<p>Por: Fernanda Valtierra | #NuevoLaredo #Laredo #NLD #Tamaulipas El Gobierno Municipal y el Sistema DIF de Nuevo Laredo presentaron la programaci\u00f3n del Festival del D\u00eda del Ni\u00f1o 2026, una jornada dise\u00f1ada para reunir a las familias en torno al entretenimiento y la convivencia, que se llevar\u00e1 a cabo el pr\u00f3ximo 30 de abril en el [&hellip;]<\/p>\n","protected":false},"author":1,"featured_media":19179,"comment_status":"open","ping_status":"open","sticky":false,"template":"","format":"standard","meta":{"footnotes":""},"categories":[31],"tags":[],"class_list":{"0":"post-19178","1":"post","2":"type-post","3":"status-publish","4":"format-standard","5":"has-post-thumbnail","7":"category-nuevo-laredo"},"amp_enabled":true,"_links":{"self":[{"href":"https:\/\/luisvaltierranoticias.com\/index.php?rest_route=\/wp\/v2\/posts\/19178","targetHints":{"allow":["GET"]}}],"collection":[{"href":"https:\/\/luisvaltierranoticias.com\/index.php?rest_route=\/wp\/v2\/posts"}],"about":[{"href":"https:\/\/luisvaltierranoticias.com\/index.php?rest_route=\/wp\/v2\/types\/post"}],"author":[{"embeddable":true,"href":"https:\/\/luisvaltierranoticias.com\/index.php?rest_route=\/wp\/v2\/users\/1"}],"replies":[{"embeddable":true,"href":"https:\/\/luisvaltierranoticias.com\/index.php?rest_route=%2Fwp%2Fv2%2Fcomments&post=19178"}],"version-history":[{"count":1,"href":"https:\/\/luisvaltierranoticias.com\/index.php?rest_route=\/wp\/v2\/posts\/19178\/revisions"}],"predecessor-version":[{"id":19180,"href":"https:\/\/luisvaltierranoticias.com\/index.php?rest_route=\/wp\/v2\/posts\/19178\/revisions\/19180"}],"wp:featuredmedia":[{"embeddable":true,"href":"https:\/\/luisvaltierranoticias.com\/index.php?rest_route=\/wp\/v2\/media\/19179"}],"wp:attachment":[{"href":"https:\/\/luisvaltierranoticias.com\/index.php?rest_route=%2Fwp%2Fv2%2Fmedia&parent=19178"}],"wp:term":[{"taxonomy":"category","embeddable":true,"href":"https:\/\/luisvaltierranoticias.com\/index.php?rest_route=%2Fwp%2Fv2%2Fcategories&post=19178"},{"taxonomy":"post_tag","embeddable":true,"href":"https:\/\/luisvaltierranoticias.com\/index.php?rest_route=%2Fwp%2Fv2%2Ftags&post=19178"}],"curies":[{"name":"wp","href":"https:\/\/api.w.org\/{rel}","templated":true}]}}