{"id":19169,"date":"2026-04-28T13:55:18","date_gmt":"2026-04-28T18:55:18","guid":{"rendered":"https:\/\/luisvaltierranoticias.com\/?p=19169"},"modified":"2026-04-28T13:55:23","modified_gmt":"2026-04-28T18:55:23","slug":"mas-alla-del-discurso-visibilizan-talento-de-personas-con-discapacidad-en-jornada-cultural","status":"publish","type":"post","link":"https:\/\/luisvaltierranoticias.com\/?p=19169","title":{"rendered":"M\u00e1s all\u00e1 del discurso: visibilizan talento de personas con discapacidad en jornada cultural"},"content":{"rendered":"\n<p>Por: Fernanda Valtierra | #NuevoLaredo #Laredo #NLD #Tamaulipas<\/p>\n\n\n\n<p>En medio de un contexto donde la inclusi\u00f3n suele quedarse en el terreno de las declaraciones, autoridades estatales y municipales organizaron un evento en Nuevo Laredo para exhibir, de forma directa, las capacidades art\u00edsticas de personas con discapacidad. La actividad, coordinada por la Direcci\u00f3n de Vinculaci\u00f3n Social, busc\u00f3 abrir espacios reales de participaci\u00f3n y no limitarse a campa\u00f1as simb\u00f3licas.<\/p>\n\n\n\n<p>El encuentro reuni\u00f3 a representantes del gobierno estatal y municipal, as\u00ed como a estudiantes de instituciones formadoras como la Universidad Pedag\u00f3gica Nacional, la Escuela Normal y la Universidad Aut\u00f3noma de Tamaulipas. Particularmente, j\u00f3venes de \u00e1reas como Psicolog\u00eda acudieron con el objetivo de reforzar la sensibilizaci\u00f3n social desde la formaci\u00f3n acad\u00e9mica.<\/p>\n\n\n\n<p>Durante la jornada, los participantes presentaron trabajos en disciplinas como poes\u00eda, canto y pintura. M\u00e1s que un acto protocolario, el evento permiti\u00f3 evidenciar una realidad que con frecuencia se ignora: las barreras que enfrentan las personas con discapacidad no radican en sus capacidades, sino en la falta de espacios y oportunidades para desarrollarlas.<\/p>\n\n\n\n<p>Desde la organizaci\u00f3n se insisti\u00f3 en que este tipo de ejercicios son necesarios para romper inercias sociales. La inclusi\u00f3n, se\u00f1alaron, no se construye con mensajes institucionales, sino con acciones que acerquen a la poblaci\u00f3n a una convivencia directa y sin prejuicios.<\/p>\n\n\n\n<p>Aun as\u00ed, el reto es mayor. La visibilizaci\u00f3n es apenas un primer paso frente a un problema estructural que incluye limitaciones en educaci\u00f3n, empleo y movilidad. Si estas actividades no se traducen en pol\u00edticas p\u00fablicas sostenidas, corren el riesgo de quedarse como eventos aislados.<\/p>\n\n\n\n<p>Tras la jornada, autoridades adelantaron que se dar\u00e1 continuidad a las estrategias en coordinaci\u00f3n con instancias estatales. La expectativa, sin embargo, sigue siendo la misma de siempre: que la inclusi\u00f3n deje de ser un acto ocasional y se convierta en una pr\u00e1ctica constante.<\/p>\n","protected":false},"excerpt":{"rendered":"<p>Por: Fernanda Valtierra | #NuevoLaredo #Laredo #NLD #Tamaulipas En medio de un contexto donde la inclusi\u00f3n suele quedarse en el terreno de las declaraciones, autoridades estatales y municipales organizaron un evento en Nuevo Laredo para exhibir, de forma directa, las capacidades art\u00edsticas de personas con discapacidad. La actividad, coordinada por la Direcci\u00f3n de Vinculaci\u00f3n Social, [&hellip;]<\/p>\n","protected":false},"author":1,"featured_media":19170,"comment_status":"open","ping_status":"open","sticky":false,"template":"","format":"standard","meta":{"footnotes":""},"categories":[31],"tags":[],"class_list":{"0":"post-19169","1":"post","2":"type-post","3":"status-publish","4":"format-standard","5":"has-post-thumbnail","7":"category-nuevo-laredo"},"amp_enabled":true,"_links":{"self":[{"href":"https:\/\/luisvaltierranoticias.com\/index.php?rest_route=\/wp\/v2\/posts\/19169","targetHints":{"allow":["GET"]}}],"collection":[{"href":"https:\/\/luisvaltierranoticias.com\/index.php?rest_route=\/wp\/v2\/posts"}],"about":[{"href":"https:\/\/luisvaltierranoticias.com\/index.php?rest_route=\/wp\/v2\/types\/post"}],"author":[{"embeddable":true,"href":"https:\/\/luisvaltierranoticias.com\/index.php?rest_route=\/wp\/v2\/users\/1"}],"replies":[{"embeddable":true,"href":"https:\/\/luisvaltierranoticias.com\/index.php?rest_route=%2Fwp%2Fv2%2Fcomments&post=19169"}],"version-history":[{"count":1,"href":"https:\/\/luisvaltierranoticias.com\/index.php?rest_route=\/wp\/v2\/posts\/19169\/revisions"}],"predecessor-version":[{"id":19171,"href":"https:\/\/luisvaltierranoticias.com\/index.php?rest_route=\/wp\/v2\/posts\/19169\/revisions\/19171"}],"wp:featuredmedia":[{"embeddable":true,"href":"https:\/\/luisvaltierranoticias.com\/index.php?rest_route=\/wp\/v2\/media\/19170"}],"wp:attachment":[{"href":"https:\/\/luisvaltierranoticias.com\/index.php?rest_route=%2Fwp%2Fv2%2Fmedia&parent=19169"}],"wp:term":[{"taxonomy":"category","embeddable":true,"href":"https:\/\/luisvaltierranoticias.com\/index.php?rest_route=%2Fwp%2Fv2%2Fcategories&post=19169"},{"taxonomy":"post_tag","embeddable":true,"href":"https:\/\/luisvaltierranoticias.com\/index.php?rest_route=%2Fwp%2Fv2%2Ftags&post=19169"}],"curies":[{"name":"wp","href":"https:\/\/api.w.org\/{rel}","templated":true}]}}