{"id":19143,"date":"2026-04-26T19:48:45","date_gmt":"2026-04-27T00:48:45","guid":{"rendered":"https:\/\/luisvaltierranoticias.com\/?p=19143"},"modified":"2026-04-26T19:48:50","modified_gmt":"2026-04-27T00:48:50","slug":"dif-nuevo-laredo-abre-sus-puertas-a-jornada-intensiva-de-vacunacion-para-toda-la-poblacion","status":"publish","type":"post","link":"https:\/\/luisvaltierranoticias.com\/?p=19143","title":{"rendered":"DIF Nuevo Laredo abre sus puertas a jornada intensiva de vacunaci\u00f3n para toda la poblaci\u00f3n"},"content":{"rendered":"\n<p>Por: Fernanda Valtierra | #NuevoLaredo #Laredo #NLD #Tamaulipas<\/p>\n\n\n\n<p>En el marco de la Semana Nacional de Vacunaci\u00f3n, autoridades de salud y el Sistema DIF en Nuevo Laredo pondr\u00e1n en marcha una jornada dirigida a ampliar la cobertura y reforzar la protecci\u00f3n sanitaria entre la poblaci\u00f3n. La campa\u00f1a, que se desarrolla a nivel nacional del 25 de abril al 2 de mayo, tendr\u00e1 una de sus sedes en las oficinas centrales del organismo asistencial.<\/p>\n\n\n\n<p>La cita est\u00e1 programada para el lunes 27 de abril, en un horario de 9:00 a 13:00 horas, en las instalaciones ubicadas en la colonia Ojo Caliente. Ah\u00ed se aplicar\u00e1n dosis a distintos grupos de edad, con el objetivo de completar esquemas y reducir riesgos ante enfermedades prevenibles.<\/p>\n\n\n\n<p>El abanico de biol\u00f3gicos incluye protecci\u00f3n para la infancia contra padecimientos como difteria, tosferina, t\u00e9tanos, hepatitis, sarampi\u00f3n y neumococo, entre otros. Para adolescentes, se contempla la aplicaci\u00f3n de vacunas contra el Virus del Papiloma Humano, adem\u00e1s de refuerzos b\u00e1sicos. En adultos, la jornada ofrecer\u00e1 dosis contra enfermedades como t\u00e9tanos, difteria, sarampi\u00f3n y hepatitis B.<\/p>\n\n\n\n<p>La estrategia tambi\u00e9n considera sectores prioritarios. Mujeres embarazadas podr\u00e1n acceder a vacunas espec\u00edficas para su condici\u00f3n, mientras que los adultos mayores tendr\u00e1n a disposici\u00f3n inmunizaci\u00f3n contra el neumococo. El personal de salud, por su parte, ser\u00e1 incluido en el esquema de refuerzos.<\/p>\n\n\n\n<p>Desde la direcci\u00f3n del DIF se insisti\u00f3 en la importancia de acudir a estos espacios preventivos, subrayando que la vacunaci\u00f3n sigue siendo una de las herramientas m\u00e1s eficaces para contener enfermedades y evitar complicaciones de salud p\u00fablica.<\/p>\n\n\n\n<p>Como parte de las acciones complementarias, se instalar\u00e1 un m\u00f3dulo adicional durante el Festival del D\u00eda del Ni\u00f1o en el Parque Viveros el pr\u00f3ximo 30 de abril, ampliando as\u00ed la cobertura en un entorno de alta afluencia familiar.<\/p>\n\n\n\n<p>Las autoridades recordaron que quienes no puedan asistir a estas jornadas pueden consultar otros puntos de vacunaci\u00f3n a trav\u00e9s de la l\u00ednea 079 o en la plataforma oficial habilitada para ubicar m\u00f3dulos disponibles.<\/p>\n","protected":false},"excerpt":{"rendered":"<p>Por: Fernanda Valtierra | #NuevoLaredo #Laredo #NLD #Tamaulipas En el marco de la Semana Nacional de Vacunaci\u00f3n, autoridades de salud y el Sistema DIF en Nuevo Laredo pondr\u00e1n en marcha una jornada dirigida a ampliar la cobertura y reforzar la protecci\u00f3n sanitaria entre la poblaci\u00f3n. La campa\u00f1a, que se desarrolla a nivel nacional del 25 [&hellip;]<\/p>\n","protected":false},"author":1,"featured_media":19144,"comment_status":"open","ping_status":"open","sticky":false,"template":"","format":"standard","meta":{"footnotes":""},"categories":[31],"tags":[],"class_list":{"0":"post-19143","1":"post","2":"type-post","3":"status-publish","4":"format-standard","5":"has-post-thumbnail","7":"category-nuevo-laredo"},"amp_enabled":true,"_links":{"self":[{"href":"https:\/\/luisvaltierranoticias.com\/index.php?rest_route=\/wp\/v2\/posts\/19143","targetHints":{"allow":["GET"]}}],"collection":[{"href":"https:\/\/luisvaltierranoticias.com\/index.php?rest_route=\/wp\/v2\/posts"}],"about":[{"href":"https:\/\/luisvaltierranoticias.com\/index.php?rest_route=\/wp\/v2\/types\/post"}],"author":[{"embeddable":true,"href":"https:\/\/luisvaltierranoticias.com\/index.php?rest_route=\/wp\/v2\/users\/1"}],"replies":[{"embeddable":true,"href":"https:\/\/luisvaltierranoticias.com\/index.php?rest_route=%2Fwp%2Fv2%2Fcomments&post=19143"}],"version-history":[{"count":1,"href":"https:\/\/luisvaltierranoticias.com\/index.php?rest_route=\/wp\/v2\/posts\/19143\/revisions"}],"predecessor-version":[{"id":19145,"href":"https:\/\/luisvaltierranoticias.com\/index.php?rest_route=\/wp\/v2\/posts\/19143\/revisions\/19145"}],"wp:featuredmedia":[{"embeddable":true,"href":"https:\/\/luisvaltierranoticias.com\/index.php?rest_route=\/wp\/v2\/media\/19144"}],"wp:attachment":[{"href":"https:\/\/luisvaltierranoticias.com\/index.php?rest_route=%2Fwp%2Fv2%2Fmedia&parent=19143"}],"wp:term":[{"taxonomy":"category","embeddable":true,"href":"https:\/\/luisvaltierranoticias.com\/index.php?rest_route=%2Fwp%2Fv2%2Fcategories&post=19143"},{"taxonomy":"post_tag","embeddable":true,"href":"https:\/\/luisvaltierranoticias.com\/index.php?rest_route=%2Fwp%2Fv2%2Ftags&post=19143"}],"curies":[{"name":"wp","href":"https:\/\/api.w.org\/{rel}","templated":true}]}}