{"id":19140,"date":"2026-04-26T19:42:52","date_gmt":"2026-04-27T00:42:52","guid":{"rendered":"https:\/\/luisvaltierranoticias.com\/?p=19140"},"modified":"2026-04-26T19:42:56","modified_gmt":"2026-04-27T00:42:56","slug":"respaldo-institucional-sin-matices-avalan-rumbo-del-gobierno-municipal-en-sesion-del-copladem","status":"publish","type":"post","link":"https:\/\/luisvaltierranoticias.com\/?p=19140","title":{"rendered":"Respaldo institucional sin matices: avalan rumbo del gobierno municipal en sesi\u00f3n del COPLADEM"},"content":{"rendered":"\n<p>Por: Luis Rosales | #NuevoLaredo #Laredo #NLD #Tamaulipas<\/p>\n\n\n\n<p>La narrativa oficial sobre el desarrollo de Nuevo Laredo encontr\u00f3 eco entre representantes de distintos sectores durante la m\u00e1s reciente sesi\u00f3n del Comit\u00e9 de Planeaci\u00f3n para el Desarrollo Municipal. En ese foro, donde convergen voces del \u00e1mbito social, p\u00fablico y privado, el gobierno local expuso avances y proyectos que, al menos en el discurso de los asistentes, consolidan una ruta definida para el crecimiento de la ciudad.<\/p>\n\n\n\n<p>La presentaci\u00f3n del Programa Anual de Obra P\u00fablica 2026 sirvi\u00f3 como eje central. Ah\u00ed se delinearon inversiones, obras concluidas y otras en marcha, en un intento por demostrar que la planeaci\u00f3n no es improvisada, sino parte de una estrategia que busca sostener el dinamismo urbano. La reacci\u00f3n fue pr\u00e1cticamente uniforme: coincidencias en torno a que los resultados son visibles y que responden a una l\u00f3gica de orden y continuidad.<\/p>\n\n\n\n<p>Desde la academia, se subray\u00f3 que los avances no son fortuitos. Se habl\u00f3 de una ciudad que avanza a partir de decisiones estructuradas, donde la planeaci\u00f3n se traduce en acciones concretas. En el \u00e1mbito t\u00e9cnico, la evaluaci\u00f3n apunt\u00f3 hacia el impacto directo de la obra p\u00fablica, particularmente en rubros sensibles como drenaje, pavimentaci\u00f3n y movilidad, \u00e1reas hist\u00f3ricamente rezagadas en muchas ciudades fronterizas.<\/p>\n\n\n\n<p>El componente ambiental tambi\u00e9n fue puesto sobre la mesa. Autoridades vinculadas a la gesti\u00f3n h\u00eddrica reconocieron mejoras en infraestructura de saneamiento, incluso con efectos que trascienden lo local y alcanzan al entorno regional. En paralelo, desde el \u00e1mbito legislativo se destac\u00f3 un elemento clave en cualquier administraci\u00f3n: la capacidad de convertir promesas en resultados medibles, algo que \u2014seg\u00fan se afirm\u00f3\u2014 comienza a materializarse en proyectos ya concluidos y otros en proceso.<\/p>\n\n\n\n<p>Sin embargo, m\u00e1s all\u00e1 del respaldo expresado, el consenso exhibido en este tipo de encuentros no deja de ser un terreno c\u00f3modo. La aprobaci\u00f3n generalizada, sin fisuras visibles, plantea inevitablemente una interrogante: hasta qu\u00e9 punto estos ejercicios reflejan una evaluaci\u00f3n cr\u00edtica y hasta d\u00f3nde funcionan como espacios de validaci\u00f3n institucional.<\/p>\n\n\n\n<p>El gobierno municipal, por su parte, sostiene que estos mecanismos fortalecen la transparencia y la participaci\u00f3n ciudadana. Bajo esa premisa, insiste en que la planeaci\u00f3n seguir\u00e1 siendo el eje rector de su gesti\u00f3n. El reto, como siempre, no estar\u00e1 en la presentaci\u00f3n de cifras o proyectos, sino en su ejecuci\u00f3n y en la capacidad de sostener resultados frente a una ciudadan\u00eda cada vez m\u00e1s exigente.<\/p>\n","protected":false},"excerpt":{"rendered":"<p>Por: Luis Rosales | #NuevoLaredo #Laredo #NLD #Tamaulipas La narrativa oficial sobre el desarrollo de Nuevo Laredo encontr\u00f3 eco entre representantes de distintos sectores durante la m\u00e1s reciente sesi\u00f3n del Comit\u00e9 de Planeaci\u00f3n para el Desarrollo Municipal. En ese foro, donde convergen voces del \u00e1mbito social, p\u00fablico y privado, el gobierno local expuso avances y [&hellip;]<\/p>\n","protected":false},"author":1,"featured_media":19141,"comment_status":"open","ping_status":"open","sticky":false,"template":"","format":"standard","meta":{"footnotes":""},"categories":[31],"tags":[],"class_list":{"0":"post-19140","1":"post","2":"type-post","3":"status-publish","4":"format-standard","5":"has-post-thumbnail","7":"category-nuevo-laredo"},"amp_enabled":true,"_links":{"self":[{"href":"https:\/\/luisvaltierranoticias.com\/index.php?rest_route=\/wp\/v2\/posts\/19140","targetHints":{"allow":["GET"]}}],"collection":[{"href":"https:\/\/luisvaltierranoticias.com\/index.php?rest_route=\/wp\/v2\/posts"}],"about":[{"href":"https:\/\/luisvaltierranoticias.com\/index.php?rest_route=\/wp\/v2\/types\/post"}],"author":[{"embeddable":true,"href":"https:\/\/luisvaltierranoticias.com\/index.php?rest_route=\/wp\/v2\/users\/1"}],"replies":[{"embeddable":true,"href":"https:\/\/luisvaltierranoticias.com\/index.php?rest_route=%2Fwp%2Fv2%2Fcomments&post=19140"}],"version-history":[{"count":1,"href":"https:\/\/luisvaltierranoticias.com\/index.php?rest_route=\/wp\/v2\/posts\/19140\/revisions"}],"predecessor-version":[{"id":19142,"href":"https:\/\/luisvaltierranoticias.com\/index.php?rest_route=\/wp\/v2\/posts\/19140\/revisions\/19142"}],"wp:featuredmedia":[{"embeddable":true,"href":"https:\/\/luisvaltierranoticias.com\/index.php?rest_route=\/wp\/v2\/media\/19141"}],"wp:attachment":[{"href":"https:\/\/luisvaltierranoticias.com\/index.php?rest_route=%2Fwp%2Fv2%2Fmedia&parent=19140"}],"wp:term":[{"taxonomy":"category","embeddable":true,"href":"https:\/\/luisvaltierranoticias.com\/index.php?rest_route=%2Fwp%2Fv2%2Fcategories&post=19140"},{"taxonomy":"post_tag","embeddable":true,"href":"https:\/\/luisvaltierranoticias.com\/index.php?rest_route=%2Fwp%2Fv2%2Ftags&post=19140"}],"curies":[{"name":"wp","href":"https:\/\/api.w.org\/{rel}","templated":true}]}}