{"id":19137,"date":"2026-04-26T19:29:21","date_gmt":"2026-04-27T00:29:21","guid":{"rendered":"https:\/\/luisvaltierranoticias.com\/?p=19137"},"modified":"2026-04-26T19:29:27","modified_gmt":"2026-04-27T00:29:27","slug":"reconocen-a-ganaderos-y-refuerzan-estrategia-para-impulsar-al-sector-pecuario-en-tamaulipas","status":"publish","type":"post","link":"https:\/\/luisvaltierranoticias.com\/?p=19137","title":{"rendered":"Reconocen a ganaderos y refuerzan estrategia para impulsar al sector pecuario en Tamaulipas"},"content":{"rendered":"\n<p>Por: Luis Valtierra | #NuevoLaredo #Laredo #NLD #Tamaulipas<\/p>\n\n\n\n<p>En un encuentro que reuni\u00f3 a representantes del sector ganadero de todo el estado, el gobernador Am\u00e9rico Villarreal Anaya encabez\u00f3 la novena Asamblea Estatal Ordinaria de la Uni\u00f3n Ganadera Regional de Tamaulipas, donde se destac\u00f3 el papel estrat\u00e9gico de esta actividad en la econom\u00eda estatal.<\/p>\n\n\n\n<p>Durante la jornada, se entregaron reconocimientos al M\u00e9rito Ganadero a productores de distintas regiones, entre ellos el neolaredense H\u00e9ctor Osvaldo Barberena Aguirre, cuya trayectoria fue distinguida como parte del impulso a la actividad pecuaria en la entidad.<\/p>\n\n\n\n<p>El evento congreg\u00f3 a delegados de los 43 municipios, as\u00ed como a asociaciones ganaderas locales y organismos de criadores, en un espacio orientado a fortalecer la coordinaci\u00f3n y definir rutas de crecimiento para el campo tamaulipeco.<\/p>\n\n\n\n<p>En su mensaje, el mandatario estatal reiter\u00f3 el compromiso de su administraci\u00f3n con el sector, al se\u00f1alar que se mantendr\u00e1n los apoyos y programas destinados a fortalecer la producci\u00f3n y la competitividad ganadera.<\/p>\n\n\n\n<p>Por su parte, la alcaldesa de Nuevo Laredo, Carmen Lilia Canturosas Villarreal, subray\u00f3 que el respaldo estatal ha contribuido a posicionar a Tamaulipas dentro del \u00e1mbito nacional en materia pecuaria, al tiempo que reconoci\u00f3 el trabajo de los productores de la regi\u00f3n fronteriza.<\/p>\n\n\n\n<p>Destac\u00f3 que, a nivel municipal, se han implementado acciones para fortalecer la sanidad y productividad del hato, entre ellas la operaci\u00f3n de un laboratorio de diagn\u00f3stico zoosanitario, programas de mejoramiento gen\u00e9tico, campa\u00f1as de salud animal y esquemas de apoyo para infraestructura y alimentaci\u00f3n del ganado.<\/p>\n\n\n\n<p>La asamblea cont\u00f3 con la participaci\u00f3n de l\u00edderes del sector a nivel nacional y estatal, quienes coincidieron en la importancia de mantener una agenda conjunta que permita enfrentar los retos del campo y consolidar su crecimiento.<\/p>\n\n\n\n<p>El encuentro cerr\u00f3 con el compromiso de continuar fortaleciendo la colaboraci\u00f3n entre autoridades y productores, con miras a mantener la competitividad y desarrollo del sector ganadero en Tamaulipas.<\/p>\n","protected":false},"excerpt":{"rendered":"<p>Por: Luis Valtierra | #NuevoLaredo #Laredo #NLD #Tamaulipas En un encuentro que reuni\u00f3 a representantes del sector ganadero de todo el estado, el gobernador Am\u00e9rico Villarreal Anaya encabez\u00f3 la novena Asamblea Estatal Ordinaria de la Uni\u00f3n Ganadera Regional de Tamaulipas, donde se destac\u00f3 el papel estrat\u00e9gico de esta actividad en la econom\u00eda estatal. Durante la [&hellip;]<\/p>\n","protected":false},"author":1,"featured_media":19138,"comment_status":"open","ping_status":"open","sticky":false,"template":"","format":"standard","meta":{"footnotes":""},"categories":[59,31],"tags":[],"class_list":{"0":"post-19137","1":"post","2":"type-post","3":"status-publish","4":"format-standard","5":"has-post-thumbnail","7":"category-destacado","8":"category-nuevo-laredo"},"amp_enabled":true,"_links":{"self":[{"href":"https:\/\/luisvaltierranoticias.com\/index.php?rest_route=\/wp\/v2\/posts\/19137","targetHints":{"allow":["GET"]}}],"collection":[{"href":"https:\/\/luisvaltierranoticias.com\/index.php?rest_route=\/wp\/v2\/posts"}],"about":[{"href":"https:\/\/luisvaltierranoticias.com\/index.php?rest_route=\/wp\/v2\/types\/post"}],"author":[{"embeddable":true,"href":"https:\/\/luisvaltierranoticias.com\/index.php?rest_route=\/wp\/v2\/users\/1"}],"replies":[{"embeddable":true,"href":"https:\/\/luisvaltierranoticias.com\/index.php?rest_route=%2Fwp%2Fv2%2Fcomments&post=19137"}],"version-history":[{"count":1,"href":"https:\/\/luisvaltierranoticias.com\/index.php?rest_route=\/wp\/v2\/posts\/19137\/revisions"}],"predecessor-version":[{"id":19139,"href":"https:\/\/luisvaltierranoticias.com\/index.php?rest_route=\/wp\/v2\/posts\/19137\/revisions\/19139"}],"wp:featuredmedia":[{"embeddable":true,"href":"https:\/\/luisvaltierranoticias.com\/index.php?rest_route=\/wp\/v2\/media\/19138"}],"wp:attachment":[{"href":"https:\/\/luisvaltierranoticias.com\/index.php?rest_route=%2Fwp%2Fv2%2Fmedia&parent=19137"}],"wp:term":[{"taxonomy":"category","embeddable":true,"href":"https:\/\/luisvaltierranoticias.com\/index.php?rest_route=%2Fwp%2Fv2%2Fcategories&post=19137"},{"taxonomy":"post_tag","embeddable":true,"href":"https:\/\/luisvaltierranoticias.com\/index.php?rest_route=%2Fwp%2Fv2%2Ftags&post=19137"}],"curies":[{"name":"wp","href":"https:\/\/api.w.org\/{rel}","templated":true}]}}