{"id":18072,"date":"2026-01-29T17:03:27","date_gmt":"2026-01-29T23:03:27","guid":{"rendered":"https:\/\/luisvaltierranoticias.com\/?p=18072"},"modified":"2026-01-29T17:03:32","modified_gmt":"2026-01-29T23:03:32","slug":"nuevo-laredo-y-laredo-texas-fortalecen-una-agenda-comun-de-cooperacion-binacional","status":"publish","type":"post","link":"https:\/\/luisvaltierranoticias.com\/?p=18072","title":{"rendered":"Nuevo Laredo y Laredo, Texas, fortalecen una agenda com\u00fan de cooperaci\u00f3n binacional"},"content":{"rendered":"\n<p class=\"wp-block-paragraph\">Por: Fernanda Valtierra | #NuevoLaredo #Laredo #NLD #Tamaulipas<\/p>\n\n\n\n<p class=\"wp-block-paragraph\">La relaci\u00f3n entre Nuevo Laredo y Laredo, Texas, se ha consolidado como uno de los ejemplos m\u00e1s s\u00f3lidos de cooperaci\u00f3n binacional en la frontera norte, resultado del trabajo coordinado y constante entre ambos gobiernos municipales. As\u00ed lo destac\u00f3 la alcaldesa Carmen Lilia Canturosas Villarreal durante su asistencia al Informe de Gobierno del mayor de Laredo, V\u00edctor Trevi\u00f1o.<\/p>\n\n\n\n<p class=\"wp-block-paragraph\">En el marco de este acto institucional, se dio cuenta de los avances alcanzados a partir de una agenda compartida que ha permitido impulsar proyectos estrat\u00e9gicos con impacto directo en el desarrollo regional y en la calidad de vida de las comunidades que conforman esta zona fronteriza.<\/p>\n\n\n\n<p class=\"wp-block-paragraph\">La presidenta municipal subray\u00f3 que la coordinaci\u00f3n entre ambos municipios ha sido clave para avanzar en temas prioritarios y fortalecer a la frontera m\u00e1s din\u00e1mica entre M\u00e9xico y Estados Unidos, destacando el liderazgo del mayor V\u00edctor Trevi\u00f1o y su visi\u00f3n de trabajo conjunto.<\/p>\n\n\n\n<p class=\"wp-block-paragraph\">Canturosas Villarreal reconoci\u00f3 que la suma de esfuerzos ha permitido construir una relaci\u00f3n basada en el entendimiento y la corresponsabilidad. Se\u00f1al\u00f3 que la unidad entre los Dos Laredos es un factor determinante para el crecimiento ordenado, competitivo y sostenible de la regi\u00f3n.<\/p>\n\n\n\n<p class=\"wp-block-paragraph\">Entre los principales proyectos que se impulsan de manera conjunta se encuentran la modernizaci\u00f3n de los cruces internacionales, acciones para mejorar la movilidad fronteriza y una coordinaci\u00f3n permanente en materia de comercio exterior. A ello se suma el trabajo colaborativo en temas de seguridad, protecci\u00f3n civil y atenci\u00f3n a emergencias, particularmente ante fen\u00f3menos climatol\u00f3gicos extremos.<\/p>\n\n\n\n<p class=\"wp-block-paragraph\">Ambas ciudades mantienen adem\u00e1s una agenda com\u00fan orientada al desarrollo econ\u00f3mico regional, el intercambio cultural y educativo, as\u00ed como la planeaci\u00f3n de infraestructura estrat\u00e9gica que fortalece el papel de los Dos Laredos como un corredor log\u00edstico y comercial de relevancia para Am\u00e9rica del Norte.<\/p>\n\n\n\n<p class=\"wp-block-paragraph\">La participaci\u00f3n de la alcaldesa de Nuevo Laredo en este informe refrenda el compromiso del gobierno municipal de continuar impulsando una agenda binacional s\u00f3lida, con visi\u00f3n de largo plazo, que consolide a esta frontera como un referente de cooperaci\u00f3n, unidad y desarrollo compartido.<\/p>\n\n\n\n<figure class=\"wp-block-image size-large\"><img loading=\"lazy\" decoding=\"async\" width=\"1024\" height=\"686\" src=\"https:\/\/luisvaltierranoticias.com\/wp-content\/uploads\/2026\/01\/WhatsApp-Image-2026-01-29-at-4.56.31-PM-1024x686.jpeg\" alt=\"\" class=\"wp-image-18074\" srcset=\"https:\/\/luisvaltierranoticias.com\/wp-content\/uploads\/2026\/01\/WhatsApp-Image-2026-01-29-at-4.56.31-PM-1024x686.jpeg 1024w, https:\/\/luisvaltierranoticias.com\/wp-content\/uploads\/2026\/01\/WhatsApp-Image-2026-01-29-at-4.56.31-PM-300x201.jpeg 300w, https:\/\/luisvaltierranoticias.com\/wp-content\/uploads\/2026\/01\/WhatsApp-Image-2026-01-29-at-4.56.31-PM-768x514.jpeg 768w, https:\/\/luisvaltierranoticias.com\/wp-content\/uploads\/2026\/01\/WhatsApp-Image-2026-01-29-at-4.56.31-PM-150x100.jpeg 150w, https:\/\/luisvaltierranoticias.com\/wp-content\/uploads\/2026\/01\/WhatsApp-Image-2026-01-29-at-4.56.31-PM-696x466.jpeg 696w, https:\/\/luisvaltierranoticias.com\/wp-content\/uploads\/2026\/01\/WhatsApp-Image-2026-01-29-at-4.56.31-PM-1068x715.jpeg 1068w, https:\/\/luisvaltierranoticias.com\/wp-content\/uploads\/2026\/01\/WhatsApp-Image-2026-01-29-at-4.56.31-PM.jpeg 1440w\" sizes=\"auto, (max-width: 1024px) 100vw, 1024px\" \/><\/figure>\n","protected":false},"excerpt":{"rendered":"<p>Por: Fernanda Valtierra | #NuevoLaredo #Laredo #NLD #Tamaulipas La relaci\u00f3n entre Nuevo Laredo y Laredo, Texas, se ha consolidado como uno de los ejemplos m\u00e1s s\u00f3lidos de cooperaci\u00f3n binacional en la frontera norte, resultado del trabajo coordinado y constante entre ambos gobiernos municipales. As\u00ed lo destac\u00f3 la alcaldesa Carmen Lilia Canturosas Villarreal durante su asistencia [&hellip;]<\/p>\n","protected":false},"author":1,"featured_media":18073,"comment_status":"open","ping_status":"open","sticky":false,"template":"","format":"standard","meta":{"footnotes":""},"categories":[59,31],"tags":[],"class_list":["post-18072","post","type-post","status-publish","format-standard","has-post-thumbnail","category-destacado","category-nuevo-laredo"],"amp_enabled":true,"_links":{"self":[{"href":"https:\/\/luisvaltierranoticias.com\/index.php?rest_route=\/wp\/v2\/posts\/18072","targetHints":{"allow":["GET"]}}],"collection":[{"href":"https:\/\/luisvaltierranoticias.com\/index.php?rest_route=\/wp\/v2\/posts"}],"about":[{"href":"https:\/\/luisvaltierranoticias.com\/index.php?rest_route=\/wp\/v2\/types\/post"}],"author":[{"embeddable":true,"href":"https:\/\/luisvaltierranoticias.com\/index.php?rest_route=\/wp\/v2\/users\/1"}],"replies":[{"embeddable":true,"href":"https:\/\/luisvaltierranoticias.com\/index.php?rest_route=%2Fwp%2Fv2%2Fcomments&post=18072"}],"version-history":[{"count":1,"href":"https:\/\/luisvaltierranoticias.com\/index.php?rest_route=\/wp\/v2\/posts\/18072\/revisions"}],"predecessor-version":[{"id":18075,"href":"https:\/\/luisvaltierranoticias.com\/index.php?rest_route=\/wp\/v2\/posts\/18072\/revisions\/18075"}],"wp:featuredmedia":[{"embeddable":true,"href":"https:\/\/luisvaltierranoticias.com\/index.php?rest_route=\/wp\/v2\/media\/18073"}],"wp:attachment":[{"href":"https:\/\/luisvaltierranoticias.com\/index.php?rest_route=%2Fwp%2Fv2%2Fmedia&parent=18072"}],"wp:term":[{"taxonomy":"category","embeddable":true,"href":"https:\/\/luisvaltierranoticias.com\/index.php?rest_route=%2Fwp%2Fv2%2Fcategories&post=18072"},{"taxonomy":"post_tag","embeddable":true,"href":"https:\/\/luisvaltierranoticias.com\/index.php?rest_route=%2Fwp%2Fv2%2Ftags&post=18072"}],"curies":[{"name":"wp","href":"https:\/\/api.w.org\/{rel}","templated":true}]}}