{"id":17459,"date":"2025-12-02T14:20:08","date_gmt":"2025-12-02T20:20:08","guid":{"rendered":"https:\/\/luisvaltierranoticias.com\/?p=17459"},"modified":"2025-12-02T14:20:11","modified_gmt":"2025-12-02T20:20:11","slug":"invita-gobierno-municipal-a-sumarse-a-colecta-de-juguetes-en-beneficio-de-ninas-y-ninos-de-nuevo-laredo","status":"publish","type":"post","link":"https:\/\/luisvaltierranoticias.com\/?p=17459","title":{"rendered":"INVITA GOBIERNO MUNICIPAL A SUMARSE A COLECTA DE JUGUETES EN BENEFICIO DE NI\u00d1AS Y NI\u00d1OS DE NUEVO LAREDO"},"content":{"rendered":"\n<p class=\"wp-block-paragraph\">Por: Staff | #NuevoLaredo #Laredo #NLD #Tamaulipas<\/p>\n\n\n\n<p class=\"wp-block-paragraph\">El Gobierno Municipal de Nuevo Laredo, a trav\u00e9s de la Secretar\u00eda de Bienestar Social y en coordinaci\u00f3n con el Sistema DIF, lanz\u00f3 una invitaci\u00f3n a la ciudadan\u00eda para sumarse a la colecta de juguetes destinada a llevar momentos de alegr\u00eda a ni\u00f1as y ni\u00f1os durante esta temporada.<\/p>\n\n\n\n<p class=\"wp-block-paragraph\">La iniciativa forma parte del compromiso de la presidenta municipal, Carmen Lilia Canturosas Villarreal, por impulsar acciones que fortalezcan el bienestar de las familias y promuevan la solidaridad comunitaria.<\/p>\n\n\n\n<p class=\"wp-block-paragraph\">Liliana Arjona Barocio, secretaria de Bienestar Social, afirm\u00f3 que cada juguete donado representa una oportunidad para que los m\u00e1s peque\u00f1os reciban un detalle especial que ilumine su celebraci\u00f3n; por lo que invit\u00f3 a la ciudadan\u00eda, organismos y empresas a sumarse a esta campa\u00f1a.<\/p>\n\n\n\n<p class=\"wp-block-paragraph\">Los centros de acopio estar\u00e1n habilitados en la Secretar\u00eda de Bienestar Social, ubicada en Maclovio Herrera s\/n entre Morelos y Ju\u00e1rez, en la colonia Ojo Caliente, as\u00ed como en las instalaciones del DIF Nuevo Laredo, en Aquiles Serd\u00e1n 2244, Fraccionamiento Ojo Caliente. El horario de recepci\u00f3n ser\u00e1 de lunes a viernes, de 8:00 de la ma\u00f1ana a 3:30 de la tarde.<\/p>\n\n\n\n<p class=\"wp-block-paragraph\">Como parte de esta campa\u00f1a, se llevar\u00e1 a cabo un evento Drive Thru el s\u00e1bado 6 de diciembre, de 10:00 de la ma\u00f1ana a 5:00 de la tarde, en la entrada principal del Parque Viveros, donde las familias podr\u00e1n acudir a entregar su donativo sin necesidad de descender de su veh\u00edculo.<\/p>\n\n\n\n<p class=\"wp-block-paragraph\">Las autoridades municipales exhortaron a la poblaci\u00f3n a participar y contribuir a que m\u00e1s ni\u00f1as y ni\u00f1os tengan una celebraci\u00f3n llena de ilusi\u00f3n, destacando que un solo juguete puede convertirse en un recuerdo inolvidable para quienes m\u00e1s lo necesitan.<\/p>\n","protected":false},"excerpt":{"rendered":"<p>Por: Staff | #NuevoLaredo #Laredo #NLD #Tamaulipas El Gobierno Municipal de Nuevo Laredo, a trav\u00e9s de la Secretar\u00eda de Bienestar Social y en coordinaci\u00f3n con el Sistema DIF, lanz\u00f3 una invitaci\u00f3n a la ciudadan\u00eda para sumarse a la colecta de juguetes destinada a llevar momentos de alegr\u00eda a ni\u00f1as y ni\u00f1os durante esta temporada. La [&hellip;]<\/p>\n","protected":false},"author":1,"featured_media":17460,"comment_status":"open","ping_status":"open","sticky":false,"template":"","format":"standard","meta":{"footnotes":""},"categories":[31],"tags":[],"class_list":["post-17459","post","type-post","status-publish","format-standard","has-post-thumbnail","category-nuevo-laredo"],"amp_enabled":true,"_links":{"self":[{"href":"https:\/\/luisvaltierranoticias.com\/index.php?rest_route=\/wp\/v2\/posts\/17459","targetHints":{"allow":["GET"]}}],"collection":[{"href":"https:\/\/luisvaltierranoticias.com\/index.php?rest_route=\/wp\/v2\/posts"}],"about":[{"href":"https:\/\/luisvaltierranoticias.com\/index.php?rest_route=\/wp\/v2\/types\/post"}],"author":[{"embeddable":true,"href":"https:\/\/luisvaltierranoticias.com\/index.php?rest_route=\/wp\/v2\/users\/1"}],"replies":[{"embeddable":true,"href":"https:\/\/luisvaltierranoticias.com\/index.php?rest_route=%2Fwp%2Fv2%2Fcomments&post=17459"}],"version-history":[{"count":1,"href":"https:\/\/luisvaltierranoticias.com\/index.php?rest_route=\/wp\/v2\/posts\/17459\/revisions"}],"predecessor-version":[{"id":17461,"href":"https:\/\/luisvaltierranoticias.com\/index.php?rest_route=\/wp\/v2\/posts\/17459\/revisions\/17461"}],"wp:featuredmedia":[{"embeddable":true,"href":"https:\/\/luisvaltierranoticias.com\/index.php?rest_route=\/wp\/v2\/media\/17460"}],"wp:attachment":[{"href":"https:\/\/luisvaltierranoticias.com\/index.php?rest_route=%2Fwp%2Fv2%2Fmedia&parent=17459"}],"wp:term":[{"taxonomy":"category","embeddable":true,"href":"https:\/\/luisvaltierranoticias.com\/index.php?rest_route=%2Fwp%2Fv2%2Fcategories&post=17459"},{"taxonomy":"post_tag","embeddable":true,"href":"https:\/\/luisvaltierranoticias.com\/index.php?rest_route=%2Fwp%2Fv2%2Ftags&post=17459"}],"curies":[{"name":"wp","href":"https:\/\/api.w.org\/{rel}","templated":true}]}}