{"id":17282,"date":"2025-11-17T13:09:16","date_gmt":"2025-11-17T19:09:16","guid":{"rendered":"https:\/\/luisvaltierranoticias.com\/?p=17282"},"modified":"2025-11-17T13:09:19","modified_gmt":"2025-11-17T19:09:19","slug":"alcaldesa-carmen-lilia-canturosas-invita-a-inauguracion-de-la-plaza-de-la-mujer","status":"publish","type":"post","link":"https:\/\/luisvaltierranoticias.com\/?p=17282","title":{"rendered":"ALCALDESA CARMEN LILIA CANTUROSAS INVITA A INAUGURACI\u00d3N DE LA \u201cPLAZA DE LA MUJER\u201d"},"content":{"rendered":"\n<p class=\"wp-block-paragraph\">Por: Staff | #NuevoLaredo #Laredo #NLD #Tamaulipas<\/p>\n\n\n\n<p class=\"wp-block-paragraph\">La presidenta municipal de Nuevo Laredo, Carmen Lilia Canturosas Villarreal, invit\u00f3 a todas las familias de la ciudad a asistir a la inauguraci\u00f3n de la \u201cPlaza de la Mujer\u201d, un nuevo espacio p\u00fablico creado para reconocer el papel esencial de las mujeres en la construcci\u00f3n social y el desarrollo comunitario.<\/p>\n\n\n\n<p class=\"wp-block-paragraph\">Este proyecto forma parte de las acciones del Gobierno Municipal para fortalecer la infraestructura urbana y promover espacios incluyentes, seguros y de convivencia.<\/p>\n\n\n\n<p class=\"wp-block-paragraph\">La ceremonia oficial se llevar\u00e1 a cabo el martes 18 de noviembre a las 7:30 de la noche, donde se presentar\u00e1 la nueva fuente danzante, adem\u00e1s de un programa art\u00edstico con talento local.<\/p>\n\n\n\n<p class=\"wp-block-paragraph\">\u201cEste espacio nace desde el coraz\u00f3n. Es un gesto de gratitud infinita a nuestras madres, hijas, hermanas y abuelas; Nuevo Laredo se transforma y florece gracias a la pasi\u00f3n de sus mujeres, y esta plaza es el s\u00edmbolo de que esta ciudad cree en ellas y las honra\u201d, se\u00f1al\u00f3.<\/p>\n\n\n\n<p class=\"wp-block-paragraph\">Asimismo, la presidenta municipal extendi\u00f3 una invitaci\u00f3n directa a la ciudadan\u00eda para formar parte del evento.<\/p>\n\n\n\n<p class=\"wp-block-paragraph\">\u201cLas invito a que este 18 de noviembre nos acompa\u00f1en en la inauguraci\u00f3n de la Plaza de la Mujer. Esta plaza es suya, es de todas, y su presencia ser\u00e1 la mejor muestra del compromiso que tenemos como comunidad\u201d, a\u00f1adi\u00f3.<\/p>\n\n\n\n<p class=\"wp-block-paragraph\">Con este acto, el Gobierno Municipal reafirma su compromiso de seguir impulsando espacios p\u00fablicos que reconozcan y dignifiquen el rol de las mujeres en Nuevo Laredo.<\/p>\n","protected":false},"excerpt":{"rendered":"<p>Por: Staff | #NuevoLaredo #Laredo #NLD #Tamaulipas La presidenta municipal de Nuevo Laredo, Carmen Lilia Canturosas Villarreal, invit\u00f3 a todas las familias de la ciudad a asistir a la inauguraci\u00f3n de la \u201cPlaza de la Mujer\u201d, un nuevo espacio p\u00fablico creado para reconocer el papel esencial de las mujeres en la construcci\u00f3n social y el [&hellip;]<\/p>\n","protected":false},"author":1,"featured_media":17283,"comment_status":"open","ping_status":"open","sticky":false,"template":"","format":"standard","meta":{"footnotes":""},"categories":[31],"tags":[],"class_list":["post-17282","post","type-post","status-publish","format-standard","has-post-thumbnail","category-nuevo-laredo"],"amp_enabled":true,"_links":{"self":[{"href":"https:\/\/luisvaltierranoticias.com\/index.php?rest_route=\/wp\/v2\/posts\/17282","targetHints":{"allow":["GET"]}}],"collection":[{"href":"https:\/\/luisvaltierranoticias.com\/index.php?rest_route=\/wp\/v2\/posts"}],"about":[{"href":"https:\/\/luisvaltierranoticias.com\/index.php?rest_route=\/wp\/v2\/types\/post"}],"author":[{"embeddable":true,"href":"https:\/\/luisvaltierranoticias.com\/index.php?rest_route=\/wp\/v2\/users\/1"}],"replies":[{"embeddable":true,"href":"https:\/\/luisvaltierranoticias.com\/index.php?rest_route=%2Fwp%2Fv2%2Fcomments&post=17282"}],"version-history":[{"count":1,"href":"https:\/\/luisvaltierranoticias.com\/index.php?rest_route=\/wp\/v2\/posts\/17282\/revisions"}],"predecessor-version":[{"id":17284,"href":"https:\/\/luisvaltierranoticias.com\/index.php?rest_route=\/wp\/v2\/posts\/17282\/revisions\/17284"}],"wp:featuredmedia":[{"embeddable":true,"href":"https:\/\/luisvaltierranoticias.com\/index.php?rest_route=\/wp\/v2\/media\/17283"}],"wp:attachment":[{"href":"https:\/\/luisvaltierranoticias.com\/index.php?rest_route=%2Fwp%2Fv2%2Fmedia&parent=17282"}],"wp:term":[{"taxonomy":"category","embeddable":true,"href":"https:\/\/luisvaltierranoticias.com\/index.php?rest_route=%2Fwp%2Fv2%2Fcategories&post=17282"},{"taxonomy":"post_tag","embeddable":true,"href":"https:\/\/luisvaltierranoticias.com\/index.php?rest_route=%2Fwp%2Fv2%2Ftags&post=17282"}],"curies":[{"name":"wp","href":"https:\/\/api.w.org\/{rel}","templated":true}]}}