{"id":17279,"date":"2025-11-17T13:06:38","date_gmt":"2025-11-17T19:06:38","guid":{"rendered":"https:\/\/luisvaltierranoticias.com\/?p=17279"},"modified":"2025-11-17T13:06:41","modified_gmt":"2025-11-17T19:06:41","slug":"impulsa-gobierno-municipal-reforestacion-y-proyectos-ambientales-en-el-tec-de-nuevo-laredo","status":"publish","type":"post","link":"https:\/\/luisvaltierranoticias.com\/?p=17279","title":{"rendered":"IMPULSA GOBIERNO MUNICIPAL REFORESTACI\u00d3N Y PROYECTOS AMBIENTALES EN EL TEC DE NUEVO LAREDO"},"content":{"rendered":"\n<p class=\"wp-block-paragraph\">Por: Staff | #NuevoLaredo #Laredo #NLD #Tamaulipas<\/p>\n\n\n\n<p class=\"wp-block-paragraph\">La Coordinaci\u00f3n General de Gesti\u00f3n Ambiental del Gobierno Municipal encabez\u00f3 una importante jornada de reforestaci\u00f3n y educaci\u00f3n ambiental en el Instituto Tecnol\u00f3gico Nacional de M\u00e9xico, Campus Nuevo Laredo (ITNL), en la que estudiantes, docentes y personal t\u00e9cnico participaron activamente.<\/p>\n\n\n\n<p class=\"wp-block-paragraph\">Como parte de las acciones para fortalecer la infraestructura verde de la ciudad, se llev\u00f3 a cabo la plantaci\u00f3n de 80 \u00e1rboles dentro del campus, una iniciativa que busca mejorar el entorno y fomentar la responsabilidad ambiental entre la comunidad estudiantil.<\/p>\n\n\n\n<p class=\"wp-block-paragraph\">Durante la visita, tambi\u00e9n se puso en marcha el huerto educativo HUERTEC, un espacio destinado al desarrollo de pr\u00e1cticas y proyectos ambientales que permitir\u00e1n al alumnado adquirir conocimientos sobre agricultura sostenible y cuidado del medio ambiente.<\/p>\n\n\n\n<p class=\"wp-block-paragraph\">Adem\u00e1s, se activ\u00f3 el programa \u201cNuevo Laredo Sin Pl\u00e1sticos\u201d, con el objetivo de sensibilizar y promover la reducci\u00f3n del uso de pl\u00e1sticos de un solo uso dentro de las instalaciones educativas.<\/p>\n\n\n\n<p class=\"wp-block-paragraph\">Estas acciones reflejan el compromiso del Gobierno Municipal, a trav\u00e9s de la Coordinaci\u00f3n General de Gesti\u00f3n Ambiental, de impulsar proyectos ambientales en conjunto con instituciones educativas, promoviendo la participaci\u00f3n directa de las y los j\u00f3venes en la construcci\u00f3n de una ciudad m\u00e1s verde y sostenible.<\/p>\n","protected":false},"excerpt":{"rendered":"<p>Por: Staff | #NuevoLaredo #Laredo #NLD #Tamaulipas La Coordinaci\u00f3n General de Gesti\u00f3n Ambiental del Gobierno Municipal encabez\u00f3 una importante jornada de reforestaci\u00f3n y educaci\u00f3n ambiental en el Instituto Tecnol\u00f3gico Nacional de M\u00e9xico, Campus Nuevo Laredo (ITNL), en la que estudiantes, docentes y personal t\u00e9cnico participaron activamente. Como parte de las acciones para fortalecer la infraestructura [&hellip;]<\/p>\n","protected":false},"author":1,"featured_media":17280,"comment_status":"open","ping_status":"open","sticky":false,"template":"","format":"standard","meta":{"footnotes":""},"categories":[31],"tags":[],"class_list":["post-17279","post","type-post","status-publish","format-standard","has-post-thumbnail","category-nuevo-laredo"],"amp_enabled":true,"_links":{"self":[{"href":"https:\/\/luisvaltierranoticias.com\/index.php?rest_route=\/wp\/v2\/posts\/17279","targetHints":{"allow":["GET"]}}],"collection":[{"href":"https:\/\/luisvaltierranoticias.com\/index.php?rest_route=\/wp\/v2\/posts"}],"about":[{"href":"https:\/\/luisvaltierranoticias.com\/index.php?rest_route=\/wp\/v2\/types\/post"}],"author":[{"embeddable":true,"href":"https:\/\/luisvaltierranoticias.com\/index.php?rest_route=\/wp\/v2\/users\/1"}],"replies":[{"embeddable":true,"href":"https:\/\/luisvaltierranoticias.com\/index.php?rest_route=%2Fwp%2Fv2%2Fcomments&post=17279"}],"version-history":[{"count":1,"href":"https:\/\/luisvaltierranoticias.com\/index.php?rest_route=\/wp\/v2\/posts\/17279\/revisions"}],"predecessor-version":[{"id":17281,"href":"https:\/\/luisvaltierranoticias.com\/index.php?rest_route=\/wp\/v2\/posts\/17279\/revisions\/17281"}],"wp:featuredmedia":[{"embeddable":true,"href":"https:\/\/luisvaltierranoticias.com\/index.php?rest_route=\/wp\/v2\/media\/17280"}],"wp:attachment":[{"href":"https:\/\/luisvaltierranoticias.com\/index.php?rest_route=%2Fwp%2Fv2%2Fmedia&parent=17279"}],"wp:term":[{"taxonomy":"category","embeddable":true,"href":"https:\/\/luisvaltierranoticias.com\/index.php?rest_route=%2Fwp%2Fv2%2Fcategories&post=17279"},{"taxonomy":"post_tag","embeddable":true,"href":"https:\/\/luisvaltierranoticias.com\/index.php?rest_route=%2Fwp%2Fv2%2Ftags&post=17279"}],"curies":[{"name":"wp","href":"https:\/\/api.w.org\/{rel}","templated":true}]}}