{"id":17252,"date":"2025-11-13T15:11:01","date_gmt":"2025-11-13T21:11:01","guid":{"rendered":"https:\/\/luisvaltierranoticias.com\/?p=17252"},"modified":"2025-11-13T15:11:05","modified_gmt":"2025-11-13T21:11:05","slug":"presidencia-cerquita-de-ti-llega-a-la-colonia-los-olivos","status":"publish","type":"post","link":"https:\/\/luisvaltierranoticias.com\/?p=17252","title":{"rendered":"PRESIDENCIA CERQUITA DE TI LLEGA A LA COLONIA LOS OLIVOS"},"content":{"rendered":"\n<p class=\"wp-block-paragraph\">Por: Staff | #NuevoLaredo #Laredo #NLD #Tamaulipas<\/p>\n\n\n\n<p class=\"wp-block-paragraph\">Con gran participaci\u00f3n de vecinas y vecinos, el programa \u201cPresidencia Cerquita de Ti\u201d se llev\u00f3 a cabo en la colonia Los Olivos, donde funcionarios del Gobierno Municipal atendieron personalmente a las familias que acudieron a recibir diversos apoyos y servicios municipales.<\/p>\n\n\n\n<p class=\"wp-block-paragraph\">Durante la jornada, las y los ciudadanos aprovecharon los servicios gratuitos de salud, asesor\u00eda jur\u00eddica, atenci\u00f3n psicol\u00f3gica, apoyos alimentarios y orientaci\u00f3n social, adem\u00e1s de disfrutar de actividades recreativas y culturales organizadas por las distintas dependencias municipales.<\/p>\n\n\n\n<p class=\"wp-block-paragraph\">La secretaria de Bienestar Social, Liliana Arjona Barocio, quien acudi\u00f3 en representaci\u00f3n de la alcaldesa Carmen Lilia Canturosas, destac\u00f3 la importancia de mantener una atenci\u00f3n directa y cercana con las familias, para conocer de primera mano sus necesidades y brindar soluciones efectivas.<\/p>\n\n\n\n<p class=\"wp-block-paragraph\">Las acciones del programa continuar\u00e1n en distintos sectores de la ciudad, con el objetivo de que m\u00e1s personas tengan acceso a los servicios del gobierno municipal y del Sistema DIF sin necesidad de trasladarse grandes distancias.<\/p>\n","protected":false},"excerpt":{"rendered":"<p>Por: Staff | #NuevoLaredo #Laredo #NLD #Tamaulipas Con gran participaci\u00f3n de vecinas y vecinos, el programa \u201cPresidencia Cerquita de Ti\u201d se llev\u00f3 a cabo en la colonia Los Olivos, donde funcionarios del Gobierno Municipal atendieron personalmente a las familias que acudieron a recibir diversos apoyos y servicios municipales. Durante la jornada, las y los ciudadanos [&hellip;]<\/p>\n","protected":false},"author":1,"featured_media":17253,"comment_status":"open","ping_status":"open","sticky":false,"template":"","format":"standard","meta":{"footnotes":""},"categories":[31],"tags":[],"class_list":["post-17252","post","type-post","status-publish","format-standard","has-post-thumbnail","category-nuevo-laredo"],"amp_enabled":true,"_links":{"self":[{"href":"https:\/\/luisvaltierranoticias.com\/index.php?rest_route=\/wp\/v2\/posts\/17252","targetHints":{"allow":["GET"]}}],"collection":[{"href":"https:\/\/luisvaltierranoticias.com\/index.php?rest_route=\/wp\/v2\/posts"}],"about":[{"href":"https:\/\/luisvaltierranoticias.com\/index.php?rest_route=\/wp\/v2\/types\/post"}],"author":[{"embeddable":true,"href":"https:\/\/luisvaltierranoticias.com\/index.php?rest_route=\/wp\/v2\/users\/1"}],"replies":[{"embeddable":true,"href":"https:\/\/luisvaltierranoticias.com\/index.php?rest_route=%2Fwp%2Fv2%2Fcomments&post=17252"}],"version-history":[{"count":1,"href":"https:\/\/luisvaltierranoticias.com\/index.php?rest_route=\/wp\/v2\/posts\/17252\/revisions"}],"predecessor-version":[{"id":17254,"href":"https:\/\/luisvaltierranoticias.com\/index.php?rest_route=\/wp\/v2\/posts\/17252\/revisions\/17254"}],"wp:featuredmedia":[{"embeddable":true,"href":"https:\/\/luisvaltierranoticias.com\/index.php?rest_route=\/wp\/v2\/media\/17253"}],"wp:attachment":[{"href":"https:\/\/luisvaltierranoticias.com\/index.php?rest_route=%2Fwp%2Fv2%2Fmedia&parent=17252"}],"wp:term":[{"taxonomy":"category","embeddable":true,"href":"https:\/\/luisvaltierranoticias.com\/index.php?rest_route=%2Fwp%2Fv2%2Fcategories&post=17252"},{"taxonomy":"post_tag","embeddable":true,"href":"https:\/\/luisvaltierranoticias.com\/index.php?rest_route=%2Fwp%2Fv2%2Ftags&post=17252"}],"curies":[{"name":"wp","href":"https:\/\/api.w.org\/{rel}","templated":true}]}}