{"id":16552,"date":"2025-09-08T19:08:26","date_gmt":"2025-09-09T00:08:26","guid":{"rendered":"https:\/\/luisvaltierranoticias.com\/?p=16552"},"modified":"2025-09-08T19:08:29","modified_gmt":"2025-09-09T00:08:29","slug":"dif-nuevo-laredo-impulsa-educacion-y-desarrollo-integral-de-la-ninez-a-traves-de-pannarti","status":"publish","type":"post","link":"https:\/\/luisvaltierranoticias.com\/?p=16552","title":{"rendered":"DIF NUEVO LAREDO IMPULSA EDUCACI\u00d3N Y DESARROLLO INTEGRAL DE LA NI\u00d1EZ A TRAV\u00c9S DE PANNARTI"},"content":{"rendered":"\n<p class=\"wp-block-paragraph\">Por: Staff | #NuevoLaredo #Laredo #NLD #Tamaulipas<\/p>\n\n\n\n<p class=\"wp-block-paragraph\">Con la finalidad de reducir la deserci\u00f3n escolar y abrir espacios de crecimiento integral para la ni\u00f1ez y adolescencia, el Sistema DIF Nuevo Laredo mantiene abiertas las inscripciones en el Programa de Atenci\u00f3n a Ni\u00f1as, Ni\u00f1os y Adolescentes en Riesgo de Trabajo Infantil (PANNARTI).<\/p>\n\n\n\n<p class=\"wp-block-paragraph\">El programa ofrece clases de nivel primaria y secundaria en coordinaci\u00f3n con el Instituto Tamaulipeco de Educaci\u00f3n para Adultos (ITEA), as\u00ed como apoyo escolar en espa\u00f1ol y matem\u00e1ticas para estudiantes de entre 6 y 17 a\u00f1os.<\/p>\n\n\n\n<p class=\"wp-block-paragraph\">Adem\u00e1s de la formaci\u00f3n acad\u00e9mica, PANNARTI pone al alcance de los menores una oferta de talleres art\u00edsticos, culturales y recreativos, entre ellos: teatro, computaci\u00f3n, manualidades, m\u00fasica, baile, educaci\u00f3n f\u00edsica, coordinaci\u00f3n motriz y educaci\u00f3n socioemocional. Todas las actividades son gratuitas y se realizan de lunes a viernes, en un horario de 8:00 de la ma\u00f1ana a 3:00 de la tarde.<\/p>\n\n\n\n<p class=\"wp-block-paragraph\">El director general del DIF Nuevo Laredo, Viviano V\u00e1zquez Mac\u00edas, hizo un llamado a las familias a inscribir a sus hijas e hijos en este programa, destacando que \u201capostar por la educaci\u00f3n y el desarrollo integral de la ni\u00f1ez es sembrar oportunidades para un mejor futuro\u201d.<\/p>\n\n\n\n<p class=\"wp-block-paragraph\">Las inscripciones se llevan a cabo en el Centro PANNARTI, ubicado en Silvestre Terrazas y Tom\u00e1s Urbina Sur, colonia Francisco Villa, donde los interesados deben presentar copia del acta de nacimiento, CURP, comprobante de domicilio y credencial de elector del tutor.<\/p>\n\n\n\n<p class=\"wp-block-paragraph\">Para solicitar m\u00e1s informaci\u00f3n, se encuentra disponible el n\u00famero telef\u00f3nico 867 712 06 43.<\/p>\n","protected":false},"excerpt":{"rendered":"<p>Por: Staff | #NuevoLaredo #Laredo #NLD #Tamaulipas Con la finalidad de reducir la deserci\u00f3n escolar y abrir espacios de crecimiento integral para la ni\u00f1ez y adolescencia, el Sistema DIF Nuevo Laredo mantiene abiertas las inscripciones en el Programa de Atenci\u00f3n a Ni\u00f1as, Ni\u00f1os y Adolescentes en Riesgo de Trabajo Infantil (PANNARTI). El programa ofrece clases [&hellip;]<\/p>\n","protected":false},"author":1,"featured_media":16553,"comment_status":"open","ping_status":"open","sticky":false,"template":"","format":"standard","meta":{"footnotes":""},"categories":[31],"tags":[],"class_list":["post-16552","post","type-post","status-publish","format-standard","has-post-thumbnail","category-nuevo-laredo"],"amp_enabled":true,"_links":{"self":[{"href":"https:\/\/luisvaltierranoticias.com\/index.php?rest_route=\/wp\/v2\/posts\/16552","targetHints":{"allow":["GET"]}}],"collection":[{"href":"https:\/\/luisvaltierranoticias.com\/index.php?rest_route=\/wp\/v2\/posts"}],"about":[{"href":"https:\/\/luisvaltierranoticias.com\/index.php?rest_route=\/wp\/v2\/types\/post"}],"author":[{"embeddable":true,"href":"https:\/\/luisvaltierranoticias.com\/index.php?rest_route=\/wp\/v2\/users\/1"}],"replies":[{"embeddable":true,"href":"https:\/\/luisvaltierranoticias.com\/index.php?rest_route=%2Fwp%2Fv2%2Fcomments&post=16552"}],"version-history":[{"count":1,"href":"https:\/\/luisvaltierranoticias.com\/index.php?rest_route=\/wp\/v2\/posts\/16552\/revisions"}],"predecessor-version":[{"id":16554,"href":"https:\/\/luisvaltierranoticias.com\/index.php?rest_route=\/wp\/v2\/posts\/16552\/revisions\/16554"}],"wp:featuredmedia":[{"embeddable":true,"href":"https:\/\/luisvaltierranoticias.com\/index.php?rest_route=\/wp\/v2\/media\/16553"}],"wp:attachment":[{"href":"https:\/\/luisvaltierranoticias.com\/index.php?rest_route=%2Fwp%2Fv2%2Fmedia&parent=16552"}],"wp:term":[{"taxonomy":"category","embeddable":true,"href":"https:\/\/luisvaltierranoticias.com\/index.php?rest_route=%2Fwp%2Fv2%2Fcategories&post=16552"},{"taxonomy":"post_tag","embeddable":true,"href":"https:\/\/luisvaltierranoticias.com\/index.php?rest_route=%2Fwp%2Fv2%2Ftags&post=16552"}],"curies":[{"name":"wp","href":"https:\/\/api.w.org\/{rel}","templated":true}]}}