{"id":15583,"date":"2025-06-16T14:49:49","date_gmt":"2025-06-16T19:49:49","guid":{"rendered":"https:\/\/luisvaltierranoticias.com\/?p=15583"},"modified":"2025-06-16T14:49:52","modified_gmt":"2025-06-16T19:49:52","slug":"cuadrillas-de-servicios-publicos-primarios-limpian-calles-tras-festejo-por-el-177-aniversario","status":"publish","type":"post","link":"https:\/\/luisvaltierranoticias.com\/?p=15583","title":{"rendered":"CUADRILLAS DE SERVICIOS P\u00daBLICOS PRIMARIOS LIMPIAN CALLES TRAS FESTEJO POR EL 177 ANIVERSARIO"},"content":{"rendered":"\n<p class=\"wp-block-paragraph\">Por: Staff | #NuevoLaredo #Laredo #NLD #Tamaulipas<\/p>\n\n\n\n<p class=\"wp-block-paragraph\">Luego de la hist\u00f3rica celebraci\u00f3n del 177 aniversario de Nuevo Laredo, que reuni\u00f3 a m\u00e1s de 60 mil personas en un ambiente de alegr\u00eda, m\u00fasica y orgullo fronterizo, el Gobierno Municipal, a trav\u00e9s de la Secretar\u00eda de Servicios P\u00fablicos Primarios, actu\u00f3 con rapidez para devolver el orden y la limpieza a la ciudad.<\/p>\n\n\n\n<p class=\"wp-block-paragraph\">A primera hora del d\u00eda, cuadrillas de trabajadores fueron desplegadas en las inmediaciones de la calle Campeche y la Avenida Reforma, epicentro de los festejos, para realizar labores intensivas de limpieza.<\/p>\n\n\n\n<p class=\"wp-block-paragraph\">Gracias a esta oportuna intervenci\u00f3n, se recolectaron un total de 12 toneladas de basura, logrando dejar las calles completamente limpias y transitables, como parte del compromiso permanente de la administraci\u00f3n municipal con el bienestar y la imagen urbana de Nuevo Laredo.<\/p>\n\n\n\n<p class=\"wp-block-paragraph\">Esta acci\u00f3n refleja el esfuerzo coordinado y la responsabilidad del personal de Servicios P\u00fablicos Primarios, que trabaja d\u00eda con d\u00eda para mantener una ciudad limpia, ordenada y digna para todas y todos los neolaredenses.<\/p>\n","protected":false},"excerpt":{"rendered":"<p>Por: Staff | #NuevoLaredo #Laredo #NLD #Tamaulipas Luego de la hist\u00f3rica celebraci\u00f3n del 177 aniversario de Nuevo Laredo, que reuni\u00f3 a m\u00e1s de 60 mil personas en un ambiente de alegr\u00eda, m\u00fasica y orgullo fronterizo, el Gobierno Municipal, a trav\u00e9s de la Secretar\u00eda de Servicios P\u00fablicos Primarios, actu\u00f3 con rapidez para devolver el orden y [&hellip;]<\/p>\n","protected":false},"author":1,"featured_media":15584,"comment_status":"open","ping_status":"open","sticky":false,"template":"","format":"standard","meta":{"footnotes":""},"categories":[31],"tags":[],"class_list":["post-15583","post","type-post","status-publish","format-standard","has-post-thumbnail","category-nuevo-laredo"],"amp_enabled":true,"_links":{"self":[{"href":"https:\/\/luisvaltierranoticias.com\/index.php?rest_route=\/wp\/v2\/posts\/15583","targetHints":{"allow":["GET"]}}],"collection":[{"href":"https:\/\/luisvaltierranoticias.com\/index.php?rest_route=\/wp\/v2\/posts"}],"about":[{"href":"https:\/\/luisvaltierranoticias.com\/index.php?rest_route=\/wp\/v2\/types\/post"}],"author":[{"embeddable":true,"href":"https:\/\/luisvaltierranoticias.com\/index.php?rest_route=\/wp\/v2\/users\/1"}],"replies":[{"embeddable":true,"href":"https:\/\/luisvaltierranoticias.com\/index.php?rest_route=%2Fwp%2Fv2%2Fcomments&post=15583"}],"version-history":[{"count":1,"href":"https:\/\/luisvaltierranoticias.com\/index.php?rest_route=\/wp\/v2\/posts\/15583\/revisions"}],"predecessor-version":[{"id":15585,"href":"https:\/\/luisvaltierranoticias.com\/index.php?rest_route=\/wp\/v2\/posts\/15583\/revisions\/15585"}],"wp:featuredmedia":[{"embeddable":true,"href":"https:\/\/luisvaltierranoticias.com\/index.php?rest_route=\/wp\/v2\/media\/15584"}],"wp:attachment":[{"href":"https:\/\/luisvaltierranoticias.com\/index.php?rest_route=%2Fwp%2Fv2%2Fmedia&parent=15583"}],"wp:term":[{"taxonomy":"category","embeddable":true,"href":"https:\/\/luisvaltierranoticias.com\/index.php?rest_route=%2Fwp%2Fv2%2Fcategories&post=15583"},{"taxonomy":"post_tag","embeddable":true,"href":"https:\/\/luisvaltierranoticias.com\/index.php?rest_route=%2Fwp%2Fv2%2Ftags&post=15583"}],"curies":[{"name":"wp","href":"https:\/\/api.w.org\/{rel}","templated":true}]}}