{"id":15271,"date":"2025-05-22T15:32:39","date_gmt":"2025-05-22T20:32:39","guid":{"rendered":"https:\/\/luisvaltierranoticias.com\/?p=15271"},"modified":"2025-05-22T15:32:42","modified_gmt":"2025-05-22T20:32:42","slug":"dif-nuevo-laredo-lleva-platicas-preventivas-a-jovenes-de-secundaria","status":"publish","type":"post","link":"https:\/\/luisvaltierranoticias.com\/?p=15271","title":{"rendered":"DIF NUEVO LAREDO LLEVA PL\u00c1TICAS PREVENTIVAS A J\u00d3VENES DE SECUNDARIA"},"content":{"rendered":"\n<p class=\"wp-block-paragraph\">Por: Staff | #NuevoLaredo #Laredo #NLD #Tamaulipas<\/p>\n\n\n\n<p class=\"wp-block-paragraph\">Con el objetivo de orientar y apoyar a la juventud de la ciudad, el Sistema DIF Nuevo Laredo, a trav\u00e9s del programa \u201cJ\u00f3venes\u201d, contin\u00faa visitando planteles educativos para impartir pl\u00e1ticas informativas y preventivas directamente en los salones de clase.<\/p>\n\n\n\n<p class=\"wp-block-paragraph\">Durante mayo, personal del programa ha recorrido instituciones como el Cbtis 137 y las secundarias t\u00e9cnicas 10, 57, 79 y 80, llevando temas esenciales para la formaci\u00f3n de los adolescentes, tales como prevenci\u00f3n de adicciones, bullying, embarazo en la adolescencia, salud y orientaci\u00f3n general.<\/p>\n\n\n\n<p class=\"wp-block-paragraph\">Estas acciones forman parte del compromiso del DIF para fomentar una juventud informada, consciente y con herramientas para enfrentar los retos actuales.<\/p>\n\n\n\n<p class=\"wp-block-paragraph\">Las escuelas interesadas en sumarse a esta estrategia pueden comunicarse al 867 712 1032, donde recibir\u00e1n toda la informaci\u00f3n necesaria para agendar una visita.<\/p>\n\n\n\n<p class=\"wp-block-paragraph\">El Sistema DIF Nuevo Laredo reitera su compromiso con las y los j\u00f3venes, trabajando d\u00eda a d\u00eda por su bienestar f\u00edsico, emocional y social.<\/p>\n","protected":false},"excerpt":{"rendered":"<p>Por: Staff | #NuevoLaredo #Laredo #NLD #Tamaulipas Con el objetivo de orientar y apoyar a la juventud de la ciudad, el Sistema DIF Nuevo Laredo, a trav\u00e9s del programa \u201cJ\u00f3venes\u201d, contin\u00faa visitando planteles educativos para impartir pl\u00e1ticas informativas y preventivas directamente en los salones de clase. Durante mayo, personal del programa ha recorrido instituciones como [&hellip;]<\/p>\n","protected":false},"author":1,"featured_media":15273,"comment_status":"open","ping_status":"open","sticky":false,"template":"","format":"standard","meta":{"footnotes":""},"categories":[31],"tags":[],"class_list":["post-15271","post","type-post","status-publish","format-standard","has-post-thumbnail","category-nuevo-laredo"],"amp_enabled":true,"_links":{"self":[{"href":"https:\/\/luisvaltierranoticias.com\/index.php?rest_route=\/wp\/v2\/posts\/15271","targetHints":{"allow":["GET"]}}],"collection":[{"href":"https:\/\/luisvaltierranoticias.com\/index.php?rest_route=\/wp\/v2\/posts"}],"about":[{"href":"https:\/\/luisvaltierranoticias.com\/index.php?rest_route=\/wp\/v2\/types\/post"}],"author":[{"embeddable":true,"href":"https:\/\/luisvaltierranoticias.com\/index.php?rest_route=\/wp\/v2\/users\/1"}],"replies":[{"embeddable":true,"href":"https:\/\/luisvaltierranoticias.com\/index.php?rest_route=%2Fwp%2Fv2%2Fcomments&post=15271"}],"version-history":[{"count":1,"href":"https:\/\/luisvaltierranoticias.com\/index.php?rest_route=\/wp\/v2\/posts\/15271\/revisions"}],"predecessor-version":[{"id":15274,"href":"https:\/\/luisvaltierranoticias.com\/index.php?rest_route=\/wp\/v2\/posts\/15271\/revisions\/15274"}],"wp:featuredmedia":[{"embeddable":true,"href":"https:\/\/luisvaltierranoticias.com\/index.php?rest_route=\/wp\/v2\/media\/15273"}],"wp:attachment":[{"href":"https:\/\/luisvaltierranoticias.com\/index.php?rest_route=%2Fwp%2Fv2%2Fmedia&parent=15271"}],"wp:term":[{"taxonomy":"category","embeddable":true,"href":"https:\/\/luisvaltierranoticias.com\/index.php?rest_route=%2Fwp%2Fv2%2Fcategories&post=15271"},{"taxonomy":"post_tag","embeddable":true,"href":"https:\/\/luisvaltierranoticias.com\/index.php?rest_route=%2Fwp%2Fv2%2Ftags&post=15271"}],"curies":[{"name":"wp","href":"https:\/\/api.w.org\/{rel}","templated":true}]}}