{"id":15254,"date":"2025-05-21T13:49:56","date_gmt":"2025-05-21T18:49:56","guid":{"rendered":"https:\/\/luisvaltierranoticias.com\/?p=15254"},"modified":"2025-05-21T13:49:59","modified_gmt":"2025-05-21T18:49:59","slug":"ampliacion-del-puente-internacional-nuevo-laredo-iii-mejorara-infraestructura-fronteriza-y-desarrollo-economico-regional","status":"publish","type":"post","link":"https:\/\/luisvaltierranoticias.com\/?p=15254","title":{"rendered":"Ampliaci\u00f3n del Puente Internacional Nuevo Laredo III, mejorar\u00e1 infraestructura fronteriza y desarrollo econ\u00f3mico regional"},"content":{"rendered":"\n<p class=\"wp-block-paragraph\">Por: Agencias<\/p>\n\n\n\n<p class=\"wp-block-paragraph\">Nuevo Laredo, Tamaulipas. &#8211; Con un 90 por ciento del proyecto aprobado y validado por la Secretar\u00eda de Infraestructura, Comunicaciones y Transportes (SICT), el Gobierno del Estado de acuerdo a lo programado por la Secretar\u00eda de Obras P\u00fablicas (SOP) iniciar\u00e1 los trabajos de ampliaci\u00f3n del Puente Internacional Nuevo Laredo III y la construcci\u00f3n de un nuevo cuerpo para atender el alto flujo vehicular, en el a\u00f1o 2026.<\/p>\n\n\n\n<p class=\"wp-block-paragraph\">El titular de la dependencia estatal, Pedro Cepeda Anaya mencion\u00f3 que actualmente el tambi\u00e9n conocido como Puente del Comercio Mundial cuenta con ocho carriles y se le agregar\u00e1n 10 m\u00e1s para que tenga una capacidad de 18.<\/p>\n\n\n\n<p class=\"wp-block-paragraph\">Apunt\u00f3 que durante el a\u00f1o 2024, se realizaron dos entregas de informaci\u00f3n t\u00e9cnica, jur\u00eddica y financiera ante la SICT, para la ampliaci\u00f3n de la concesi\u00f3n que vence en el pr\u00f3ximo mes de julio de 2026.<\/p>\n\n\n\n<p class=\"wp-block-paragraph\">Destac\u00f3 que se han completado los estudios preliminares, incluyendo el estudio de Manifestaci\u00f3n de Impacto Ambiental. La Secretar\u00eda del Medio Ambiente y Recursos Naturales dio su aprobaci\u00f3n autorizando la realizaci\u00f3n de la obra conforme a lo solicitado; asimismo mencion\u00f3 la importancia de contar con el pago por el derecho de v\u00eda liberado, para dar inicio a los trabajos correspondientes.<\/p>\n\n\n\n<p class=\"wp-block-paragraph\">\u201cEste puente realiza operaciones de comercio internacional y por su ubicaci\u00f3n figura como el principal cruce fronterizo de Am\u00e9rica Latina\u201d, expres\u00f3 el servidor p\u00fablico.<\/p>\n\n\n\n<p class=\"wp-block-paragraph\">La ampliaci\u00f3n del Puente de Comercio Mundial y el nuevo cruce conectar\u00e1n a los corredores M\u00e9xico-Nuevo Laredo y Estados Unidos, por ende, fortalecer\u00e1 el intercambio econ\u00f3mico y comercial del pa\u00eds, adem\u00e1s de consolidar a Tamaulipas como un punto de transporte y log\u00edstica de primer nivel.<\/p>\n\n\n\n<p class=\"wp-block-paragraph\">Cepeda Anaya agreg\u00f3 que Nuevo Laredo es el punto fronterizo que une mediante una ruta m\u00e1s corta a los centros industriales de distribuci\u00f3n de Estados Unidos de Am\u00e9rica, Canad\u00e1 y la Rep\u00fablica Mexicana.<\/p>\n","protected":false},"excerpt":{"rendered":"<p>Por: Agencias Nuevo Laredo, Tamaulipas. &#8211; Con un 90 por ciento del proyecto aprobado y validado por la Secretar\u00eda de Infraestructura, Comunicaciones y Transportes (SICT), el Gobierno del Estado de acuerdo a lo programado por la Secretar\u00eda de Obras P\u00fablicas (SOP) iniciar\u00e1 los trabajos de ampliaci\u00f3n del Puente Internacional Nuevo Laredo III y la construcci\u00f3n [&hellip;]<\/p>\n","protected":false},"author":1,"featured_media":15255,"comment_status":"open","ping_status":"open","sticky":false,"template":"","format":"standard","meta":{"footnotes":""},"categories":[53],"tags":[],"class_list":["post-15254","post","type-post","status-publish","format-standard","has-post-thumbnail","category-tamaulipas"],"amp_enabled":true,"_links":{"self":[{"href":"https:\/\/luisvaltierranoticias.com\/index.php?rest_route=\/wp\/v2\/posts\/15254","targetHints":{"allow":["GET"]}}],"collection":[{"href":"https:\/\/luisvaltierranoticias.com\/index.php?rest_route=\/wp\/v2\/posts"}],"about":[{"href":"https:\/\/luisvaltierranoticias.com\/index.php?rest_route=\/wp\/v2\/types\/post"}],"author":[{"embeddable":true,"href":"https:\/\/luisvaltierranoticias.com\/index.php?rest_route=\/wp\/v2\/users\/1"}],"replies":[{"embeddable":true,"href":"https:\/\/luisvaltierranoticias.com\/index.php?rest_route=%2Fwp%2Fv2%2Fcomments&post=15254"}],"version-history":[{"count":1,"href":"https:\/\/luisvaltierranoticias.com\/index.php?rest_route=\/wp\/v2\/posts\/15254\/revisions"}],"predecessor-version":[{"id":15256,"href":"https:\/\/luisvaltierranoticias.com\/index.php?rest_route=\/wp\/v2\/posts\/15254\/revisions\/15256"}],"wp:featuredmedia":[{"embeddable":true,"href":"https:\/\/luisvaltierranoticias.com\/index.php?rest_route=\/wp\/v2\/media\/15255"}],"wp:attachment":[{"href":"https:\/\/luisvaltierranoticias.com\/index.php?rest_route=%2Fwp%2Fv2%2Fmedia&parent=15254"}],"wp:term":[{"taxonomy":"category","embeddable":true,"href":"https:\/\/luisvaltierranoticias.com\/index.php?rest_route=%2Fwp%2Fv2%2Fcategories&post=15254"},{"taxonomy":"post_tag","embeddable":true,"href":"https:\/\/luisvaltierranoticias.com\/index.php?rest_route=%2Fwp%2Fv2%2Ftags&post=15254"}],"curies":[{"name":"wp","href":"https:\/\/api.w.org\/{rel}","templated":true}]}}