{"id":15222,"date":"2025-05-18T17:41:21","date_gmt":"2025-05-18T22:41:21","guid":{"rendered":"https:\/\/luisvaltierranoticias.com\/?p=15222"},"modified":"2025-05-18T17:41:25","modified_gmt":"2025-05-18T22:41:25","slug":"activa-sector-salud-alerta-epidemiologica-por-altas-temperaturas","status":"publish","type":"post","link":"https:\/\/luisvaltierranoticias.com\/?p=15222","title":{"rendered":"Activa Sector Salud alerta epidemiol\u00f3gica por altas temperaturas"},"content":{"rendered":"\n<p class=\"wp-block-paragraph\">-Se pronostica que la onda de calor permanecer\u00e1 hasta el 22 de mayo.<\/p>\n\n\n\n<p class=\"wp-block-paragraph\">Por: Agencias<\/p>\n\n\n\n<p class=\"wp-block-paragraph\">Ciudad Victoria, Tamaulipas.-La Secretar\u00eda de Salud, emiti\u00f3 la alerta epidemiol\u00f3gica ante la entrada de la primera onda de calor de este a\u00f1o y que de acuerdo al Sistema Meteorol\u00f3gico Nacional, los d\u00edas de mayor intensidad se presentaran hasta el 22 de mayo.<\/p>\n\n\n\n<p class=\"wp-block-paragraph\">Ante este panorama, el titular de la dependencia estatal, Vicente Joel Hern\u00e1ndez Navarro, exhort\u00f3 a la poblaci\u00f3n a no realizar actividades f\u00edsicas en horarios de intenso calor, a que se hidraten adecuadamente con agua natural, sin bebidas azucaradas, ni bebidas alcoh\u00f3licas, ya que podr\u00edan presentar deshidrataci\u00f3n y generar un golpe de calor.<\/p>\n\n\n\n<p class=\"wp-block-paragraph\">Dijo que por instrucci\u00f3n del gobernador Am\u00e9rico Villarreal Anaya, se han emitido las alertas correspondientes a cada una de las dependencias involucradas como Protecci\u00f3n Civil, Secretar\u00eda de Educaci\u00f3n, los Ayuntamientos, para apoyar a la poblaci\u00f3n que se encuentra desprotegida y activar los albergues de su localidad; as\u00ed como a cada uno de los responsables de las unidades de salud para coordinar las acciones de prevenci\u00f3n y protecci\u00f3n de la salud de la poblaci\u00f3n ante la prevalencia de esta onda de calor que dio inicio el 15 de mayo.<\/p>\n\n\n\n<p class=\"wp-block-paragraph\">\u201cCon el pron\u00f3stico de las altas temperaturas y ante las condiciones de calor, que de acuerdo al Sistema Meteorol\u00f3gico Nacional son normales en este mes del a\u00f1o, y que incluso en el 2024 se rompieron r\u00e9cords y llegaron a durar hasta 20 d\u00edas, se insiste a la poblaci\u00f3n extremar los cuidados como el mantenerse hidratados, no exponerse al sol por largos periodos y estar atentos a los avisos que emiten las dependencias oficiales\u201d, se\u00f1al\u00f3 Hern\u00e1ndez Navarro.<\/p>\n\n\n\n<p class=\"wp-block-paragraph\">Inform\u00f3 que en este a\u00f1o se han registrado cuatro pacientes diagnosticados con golpe de calor; tres con deshidrataci\u00f3n, cinco con insolaci\u00f3n y un paciente present\u00f3 quemadoras, y se han registrado dos defunciones asociadas a altas temperaturas, los cuales eran residentes de los municipios de Tampico y Altamira.<\/p>\n\n\n\n<p class=\"wp-block-paragraph\">Por ultimo recomend\u00f3 a la poblaci\u00f3n que si presenta situaciones de alta temperatura corporal, no duden en acudir de manera inmediata a la unidad de salud m\u00e1s cercana y si detectan sudoraci\u00f3n excesiva, sensaci\u00f3n de somnolencia, desgano que aumente la frecuencia respiratoria, calambres, convulsiones o alteraciones de la conciencia, son s\u00edntomas pueden llegar a complicarse.<\/p>\n","protected":false},"excerpt":{"rendered":"<p>-Se pronostica que la onda de calor permanecer\u00e1 hasta el 22 de mayo. Por: Agencias Ciudad Victoria, Tamaulipas.-La Secretar\u00eda de Salud, emiti\u00f3 la alerta epidemiol\u00f3gica ante la entrada de la primera onda de calor de este a\u00f1o y que de acuerdo al Sistema Meteorol\u00f3gico Nacional, los d\u00edas de mayor intensidad se presentaran hasta el 22 [&hellip;]<\/p>\n","protected":false},"author":1,"featured_media":15223,"comment_status":"open","ping_status":"open","sticky":false,"template":"","format":"standard","meta":{"footnotes":""},"categories":[53],"tags":[],"class_list":["post-15222","post","type-post","status-publish","format-standard","has-post-thumbnail","category-tamaulipas"],"amp_enabled":true,"_links":{"self":[{"href":"https:\/\/luisvaltierranoticias.com\/index.php?rest_route=\/wp\/v2\/posts\/15222","targetHints":{"allow":["GET"]}}],"collection":[{"href":"https:\/\/luisvaltierranoticias.com\/index.php?rest_route=\/wp\/v2\/posts"}],"about":[{"href":"https:\/\/luisvaltierranoticias.com\/index.php?rest_route=\/wp\/v2\/types\/post"}],"author":[{"embeddable":true,"href":"https:\/\/luisvaltierranoticias.com\/index.php?rest_route=\/wp\/v2\/users\/1"}],"replies":[{"embeddable":true,"href":"https:\/\/luisvaltierranoticias.com\/index.php?rest_route=%2Fwp%2Fv2%2Fcomments&post=15222"}],"version-history":[{"count":1,"href":"https:\/\/luisvaltierranoticias.com\/index.php?rest_route=\/wp\/v2\/posts\/15222\/revisions"}],"predecessor-version":[{"id":15224,"href":"https:\/\/luisvaltierranoticias.com\/index.php?rest_route=\/wp\/v2\/posts\/15222\/revisions\/15224"}],"wp:featuredmedia":[{"embeddable":true,"href":"https:\/\/luisvaltierranoticias.com\/index.php?rest_route=\/wp\/v2\/media\/15223"}],"wp:attachment":[{"href":"https:\/\/luisvaltierranoticias.com\/index.php?rest_route=%2Fwp%2Fv2%2Fmedia&parent=15222"}],"wp:term":[{"taxonomy":"category","embeddable":true,"href":"https:\/\/luisvaltierranoticias.com\/index.php?rest_route=%2Fwp%2Fv2%2Fcategories&post=15222"},{"taxonomy":"post_tag","embeddable":true,"href":"https:\/\/luisvaltierranoticias.com\/index.php?rest_route=%2Fwp%2Fv2%2Ftags&post=15222"}],"curies":[{"name":"wp","href":"https:\/\/api.w.org\/{rel}","templated":true}]}}