{"id":13855,"date":"2025-03-18T14:35:59","date_gmt":"2025-03-18T19:35:59","guid":{"rendered":"https:\/\/luisvaltierranoticias.com\/?p=13855"},"modified":"2025-03-18T14:36:03","modified_gmt":"2025-03-18T19:36:03","slug":"inicia-gobierno-de-nuevo-laredo-cursos-de-huertos-familiares-para-promover-la-autosuficiencia-alimentaria","status":"publish","type":"post","link":"https:\/\/luisvaltierranoticias.com\/?p=13855","title":{"rendered":"INICIA GOBIERNO DE NUEVO LAREDO CURSOS DE HUERTOS FAMILIARES PARA PROMOVER LA AUTOSUFICIENCIA ALIMENTARIA"},"content":{"rendered":"\n<p class=\"wp-block-paragraph\">Por: Staff | #NuevoLaredo #Laredo #NLD #Tamaulipas<\/p>\n\n\n\n<p class=\"wp-block-paragraph\">El Gobierno de Nuevo Laredo, a trav\u00e9s de la Direcci\u00f3n de Desarrollo Rural, dio inicio este d\u00eda a los cursos te\u00f3ricos y pr\u00e1cticos de Huertos Familiares, con el objetivo de capacitar a la ciudadan\u00eda en la producci\u00f3n de alimentos frescos y saludables desde casa.<\/p>\n\n\n\n<p class=\"wp-block-paragraph\">La primera sesi\u00f3n de este taller, que consta de cuatro m\u00f3dulos, se llev\u00f3 a cabo en las instalaciones del CECATI 193, donde los participantes recibieron orientaci\u00f3n sobre las bases para la creaci\u00f3n y el mantenimiento de un huerto dom\u00e9stico.<\/p>\n\n\n\n<p class=\"wp-block-paragraph\">Rub\u00e9n Adri\u00e1n Gonz\u00e1lez Villarreal, director de Desarrollo Rural, dijo que gracias al respaldo de la alcaldesa Carmen Lilia Canturosas, la direcci\u00f3n llega a m\u00e1s familias a trav\u00e9s de este programa que busca fortalecer la autosostenibilidad.<\/p>\n\n\n\n<p class=\"wp-block-paragraph\">\u201cEsta iniciativa busca fomentar la autosuficiencia alimentaria, el consumo responsable y la sustentabilidad, brindando a las familias las herramientas necesarias para cultivar sus propios vegetales y hortalizas\u201d, explic\u00f3 el funcionario.<\/p>\n\n\n\n<p class=\"wp-block-paragraph\">Durante el curso, los asistentes aprender\u00e1n t\u00e9cnicas de siembra, cuidado de plantas, control de plagas, fertilizaci\u00f3n natural y cosecha, combinando la teor\u00eda con la pr\u00e1ctica para garantizar un aprendizaje integral.<\/p>\n\n\n\n<p class=\"wp-block-paragraph\">El Gobierno municipal reafirma su compromiso con el desarrollo rural y la promoci\u00f3n de h\u00e1bitos saludables, impulsando acciones que contribuyen al bienestar y la econom\u00eda de las familias neolaredenses.<\/p>\n","protected":false},"excerpt":{"rendered":"<p>Por: Staff | #NuevoLaredo #Laredo #NLD #Tamaulipas El Gobierno de Nuevo Laredo, a trav\u00e9s de la Direcci\u00f3n de Desarrollo Rural, dio inicio este d\u00eda a los cursos te\u00f3ricos y pr\u00e1cticos de Huertos Familiares, con el objetivo de capacitar a la ciudadan\u00eda en la producci\u00f3n de alimentos frescos y saludables desde casa. La primera sesi\u00f3n de [&hellip;]<\/p>\n","protected":false},"author":1,"featured_media":13856,"comment_status":"open","ping_status":"open","sticky":false,"template":"","format":"standard","meta":{"footnotes":""},"categories":[31],"tags":[],"class_list":["post-13855","post","type-post","status-publish","format-standard","has-post-thumbnail","category-nuevo-laredo"],"amp_enabled":true,"_links":{"self":[{"href":"https:\/\/luisvaltierranoticias.com\/index.php?rest_route=\/wp\/v2\/posts\/13855","targetHints":{"allow":["GET"]}}],"collection":[{"href":"https:\/\/luisvaltierranoticias.com\/index.php?rest_route=\/wp\/v2\/posts"}],"about":[{"href":"https:\/\/luisvaltierranoticias.com\/index.php?rest_route=\/wp\/v2\/types\/post"}],"author":[{"embeddable":true,"href":"https:\/\/luisvaltierranoticias.com\/index.php?rest_route=\/wp\/v2\/users\/1"}],"replies":[{"embeddable":true,"href":"https:\/\/luisvaltierranoticias.com\/index.php?rest_route=%2Fwp%2Fv2%2Fcomments&post=13855"}],"version-history":[{"count":1,"href":"https:\/\/luisvaltierranoticias.com\/index.php?rest_route=\/wp\/v2\/posts\/13855\/revisions"}],"predecessor-version":[{"id":13857,"href":"https:\/\/luisvaltierranoticias.com\/index.php?rest_route=\/wp\/v2\/posts\/13855\/revisions\/13857"}],"wp:featuredmedia":[{"embeddable":true,"href":"https:\/\/luisvaltierranoticias.com\/index.php?rest_route=\/wp\/v2\/media\/13856"}],"wp:attachment":[{"href":"https:\/\/luisvaltierranoticias.com\/index.php?rest_route=%2Fwp%2Fv2%2Fmedia&parent=13855"}],"wp:term":[{"taxonomy":"category","embeddable":true,"href":"https:\/\/luisvaltierranoticias.com\/index.php?rest_route=%2Fwp%2Fv2%2Fcategories&post=13855"},{"taxonomy":"post_tag","embeddable":true,"href":"https:\/\/luisvaltierranoticias.com\/index.php?rest_route=%2Fwp%2Fv2%2Ftags&post=13855"}],"curies":[{"name":"wp","href":"https:\/\/api.w.org\/{rel}","templated":true}]}}