{"id":13645,"date":"2025-03-11T15:26:24","date_gmt":"2025-03-11T20:26:24","guid":{"rendered":"https:\/\/luisvaltierranoticias.com\/?p=13645"},"modified":"2025-03-11T15:26:26","modified_gmt":"2025-03-11T20:26:26","slug":"se-unen-dif-nuevo-laredo-y-universidad-tecmilenio-en-pro-de-la-inclusion-con-curso-gratuito-de-lengua-de-senas-mexicana","status":"publish","type":"post","link":"https:\/\/luisvaltierranoticias.com\/?p=13645","title":{"rendered":"SE UNEN DIF NUEVO LAREDO Y UNIVERSIDAD TECMILENIO EN PRO DE LA INCLUSI\u00d3N CON CURSO GRATUITO DE LENGUA DE SE\u00d1AS MEXICANA"},"content":{"rendered":"\n<p class=\"wp-block-paragraph\">Por: Staff | #NuevoLaredo #Laredo #NLD #Tamaulipas<\/p>\n\n\n\n<p class=\"wp-block-paragraph\">En un esfuerzo por fortalecer la inclusi\u00f3n y la comunicaci\u00f3n de las personas con discapacidad auditiva, el Sistema para el Desarrollo Integral de la Familia (DIF) Nuevo Laredo, y la Universidad Tecmilenio, llevar\u00e1 a cabo un curso gratuito de Lengua de Se\u00f1as Mexicana (LSM).<\/p>\n\n\n\n<p class=\"wp-block-paragraph\">La presidenta del DIF Nuevo Laredo, Claudette Canturosas Villarreal, invit\u00f3 a la comunidad a participar en este curso, dise\u00f1ado para mejorar la comunicaci\u00f3n entre personas oyentes y con discapacidad auditiva.<\/p>\n\n\n\n<p class=\"wp-block-paragraph\">&#8220;La comunicaci\u00f3n es clave para la inclusi\u00f3n. A trav\u00e9s de este curso, queremos ofrecer a la comunidad una herramienta valiosa para fomentar la empat\u00eda y eliminar barreras, asegurando que m\u00e1s personas sean escuchadas y comprendidas&#8221;, expres\u00f3.<\/p>\n\n\n\n<p class=\"wp-block-paragraph\">Por su parte, Abiu Gonz\u00e1lez Ixba, director general de la Universidad Tecmilenio, destac\u00f3 que el curso ser\u00e1 impartido por Andrea G\u00fcemez, especialista en Lengua de Se\u00f1as Mexicana.<\/p>\n\n\n\n<p class=\"wp-block-paragraph\">El curso, de nivel b\u00e1sico, dirigido a personas de 15 a\u00f1os en adelante, tendr\u00e1 una duraci\u00f3n de 20 horas y se llevar\u00e1 a cabo dos d\u00edas por semana, los lunes y jueves, en un horario de 9:30 a 11:30 de la ma\u00f1ana. Al finalizar, los participantes recibir\u00e1n un certificado de validez oficial.<\/p>\n\n\n\n<p class=\"wp-block-paragraph\">Las clases dar\u00e1n inicio el 31 de marzo y se impartir\u00e1n en las instalaciones del Centro de Rehabilitaci\u00f3n Integral (CRI). El cupo es limitado.<\/p>\n\n\n\n<p class=\"wp-block-paragraph\">Las personas interesadas podr\u00e1n inscribirse en el CRI ubicado en Jaumave #6970, colonia La Fe, de lunes a viernes de 8 de la ma\u00f1ana a las 3 de la tarde.<\/p>\n\n\n\n<p class=\"wp-block-paragraph\">Con esta iniciativa, DIF Nuevo Laredo fomenta el aprendizaje de la Lengua de Se\u00f1as Mexicana y promueve una sociedad m\u00e1s accesible y emp\u00e1tica para todos.<\/p>\n","protected":false},"excerpt":{"rendered":"<p>Por: Staff | #NuevoLaredo #Laredo #NLD #Tamaulipas En un esfuerzo por fortalecer la inclusi\u00f3n y la comunicaci\u00f3n de las personas con discapacidad auditiva, el Sistema para el Desarrollo Integral de la Familia (DIF) Nuevo Laredo, y la Universidad Tecmilenio, llevar\u00e1 a cabo un curso gratuito de Lengua de Se\u00f1as Mexicana (LSM). La presidenta del DIF [&hellip;]<\/p>\n","protected":false},"author":1,"featured_media":13646,"comment_status":"open","ping_status":"open","sticky":false,"template":"","format":"standard","meta":{"footnotes":""},"categories":[31],"tags":[],"class_list":["post-13645","post","type-post","status-publish","format-standard","has-post-thumbnail","category-nuevo-laredo"],"amp_enabled":true,"_links":{"self":[{"href":"https:\/\/luisvaltierranoticias.com\/index.php?rest_route=\/wp\/v2\/posts\/13645","targetHints":{"allow":["GET"]}}],"collection":[{"href":"https:\/\/luisvaltierranoticias.com\/index.php?rest_route=\/wp\/v2\/posts"}],"about":[{"href":"https:\/\/luisvaltierranoticias.com\/index.php?rest_route=\/wp\/v2\/types\/post"}],"author":[{"embeddable":true,"href":"https:\/\/luisvaltierranoticias.com\/index.php?rest_route=\/wp\/v2\/users\/1"}],"replies":[{"embeddable":true,"href":"https:\/\/luisvaltierranoticias.com\/index.php?rest_route=%2Fwp%2Fv2%2Fcomments&post=13645"}],"version-history":[{"count":1,"href":"https:\/\/luisvaltierranoticias.com\/index.php?rest_route=\/wp\/v2\/posts\/13645\/revisions"}],"predecessor-version":[{"id":13647,"href":"https:\/\/luisvaltierranoticias.com\/index.php?rest_route=\/wp\/v2\/posts\/13645\/revisions\/13647"}],"wp:featuredmedia":[{"embeddable":true,"href":"https:\/\/luisvaltierranoticias.com\/index.php?rest_route=\/wp\/v2\/media\/13646"}],"wp:attachment":[{"href":"https:\/\/luisvaltierranoticias.com\/index.php?rest_route=%2Fwp%2Fv2%2Fmedia&parent=13645"}],"wp:term":[{"taxonomy":"category","embeddable":true,"href":"https:\/\/luisvaltierranoticias.com\/index.php?rest_route=%2Fwp%2Fv2%2Fcategories&post=13645"},{"taxonomy":"post_tag","embeddable":true,"href":"https:\/\/luisvaltierranoticias.com\/index.php?rest_route=%2Fwp%2Fv2%2Ftags&post=13645"}],"curies":[{"name":"wp","href":"https:\/\/api.w.org\/{rel}","templated":true}]}}