{"id":13639,"date":"2025-03-11T14:35:45","date_gmt":"2025-03-11T19:35:45","guid":{"rendered":"https:\/\/luisvaltierranoticias.com\/?p=13639"},"modified":"2025-03-11T14:35:48","modified_gmt":"2025-03-11T19:35:48","slug":"gobierno-de-nuevo-laredo-ofrece-asesorias-gratuitas-del-sat-para-emprendedores","status":"publish","type":"post","link":"https:\/\/luisvaltierranoticias.com\/?p=13639","title":{"rendered":"GOBIERNO DE NUEVO LAREDO OFRECE ASESOR\u00cdAS GRATUITAS DEL SAT PARA EMPRENDEDORES"},"content":{"rendered":"\n<p class=\"wp-block-paragraph\">Por: Staff | #NuevoLaredo #Laredo #NLD #Tamaulipas<\/p>\n\n\n\n<p class=\"wp-block-paragraph\">Con el objetivo de apoyar a las y los emprendedores de la ciudad en el cumplimiento de sus obligaciones fiscales, el Gobierno de Nuevo Laredo, a trav\u00e9s de la Direcci\u00f3n de Comercio, Empleo y PYMES, invita a participar en las sesiones de asesor\u00edas del Servicio de Administraci\u00f3n Tributaria (SAT).<\/p>\n\n\n\n<p class=\"wp-block-paragraph\">Estas sesiones, completamente gratuitas, contar\u00e1n con el respaldo del Colegio Neolaredense de Contadores P\u00fablicos, quienes brindar\u00e1n orientaci\u00f3n especializada para resolver dudas fiscales y facilitar el cumplimiento de tr\u00e1mites.<\/p>\n\n\n\n<p class=\"wp-block-paragraph\">El evento se llevar\u00e1 a cabo este jueves 13 de marzo, en el Edificio del Antiguo Banco Longoria, ubicado en Matamoros #309 Altos, en un horario de 10:00 AM a 12:00 PM.<\/p>\n\n\n\n<p class=\"wp-block-paragraph\">Se trata de una gran oportunidad para quienes buscan regularizar su situaci\u00f3n fiscal y obtener informaci\u00f3n clave para el crecimiento de sus negocios.<\/p>\n\n\n\n<p class=\"wp-block-paragraph\">Para m\u00e1s informaci\u00f3n, las y los interesados pueden acudir a la Direcci\u00f3n de Comercio, Empleo y PYMES del municipio.<\/p>\n","protected":false},"excerpt":{"rendered":"<p>Por: Staff | #NuevoLaredo #Laredo #NLD #Tamaulipas Con el objetivo de apoyar a las y los emprendedores de la ciudad en el cumplimiento de sus obligaciones fiscales, el Gobierno de Nuevo Laredo, a trav\u00e9s de la Direcci\u00f3n de Comercio, Empleo y PYMES, invita a participar en las sesiones de asesor\u00edas del Servicio de Administraci\u00f3n Tributaria [&hellip;]<\/p>\n","protected":false},"author":1,"featured_media":13640,"comment_status":"open","ping_status":"open","sticky":false,"template":"","format":"standard","meta":{"footnotes":""},"categories":[31],"tags":[],"class_list":["post-13639","post","type-post","status-publish","format-standard","has-post-thumbnail","category-nuevo-laredo"],"amp_enabled":true,"_links":{"self":[{"href":"https:\/\/luisvaltierranoticias.com\/index.php?rest_route=\/wp\/v2\/posts\/13639","targetHints":{"allow":["GET"]}}],"collection":[{"href":"https:\/\/luisvaltierranoticias.com\/index.php?rest_route=\/wp\/v2\/posts"}],"about":[{"href":"https:\/\/luisvaltierranoticias.com\/index.php?rest_route=\/wp\/v2\/types\/post"}],"author":[{"embeddable":true,"href":"https:\/\/luisvaltierranoticias.com\/index.php?rest_route=\/wp\/v2\/users\/1"}],"replies":[{"embeddable":true,"href":"https:\/\/luisvaltierranoticias.com\/index.php?rest_route=%2Fwp%2Fv2%2Fcomments&post=13639"}],"version-history":[{"count":1,"href":"https:\/\/luisvaltierranoticias.com\/index.php?rest_route=\/wp\/v2\/posts\/13639\/revisions"}],"predecessor-version":[{"id":13641,"href":"https:\/\/luisvaltierranoticias.com\/index.php?rest_route=\/wp\/v2\/posts\/13639\/revisions\/13641"}],"wp:featuredmedia":[{"embeddable":true,"href":"https:\/\/luisvaltierranoticias.com\/index.php?rest_route=\/wp\/v2\/media\/13640"}],"wp:attachment":[{"href":"https:\/\/luisvaltierranoticias.com\/index.php?rest_route=%2Fwp%2Fv2%2Fmedia&parent=13639"}],"wp:term":[{"taxonomy":"category","embeddable":true,"href":"https:\/\/luisvaltierranoticias.com\/index.php?rest_route=%2Fwp%2Fv2%2Fcategories&post=13639"},{"taxonomy":"post_tag","embeddable":true,"href":"https:\/\/luisvaltierranoticias.com\/index.php?rest_route=%2Fwp%2Fv2%2Ftags&post=13639"}],"curies":[{"name":"wp","href":"https:\/\/api.w.org\/{rel}","templated":true}]}}