{"id":13136,"date":"2025-02-23T18:21:20","date_gmt":"2025-02-24T00:21:20","guid":{"rendered":"https:\/\/luisvaltierranoticias.com\/?p=13136"},"modified":"2025-02-23T18:21:23","modified_gmt":"2025-02-24T00:21:23","slug":"promueve-cedes-matamoros-salud-materna-sexual-y-reproductiva","status":"publish","type":"post","link":"https:\/\/luisvaltierranoticias.com\/?p=13136","title":{"rendered":"Promueve CEDES Matamoros salud materna, sexual y reproductiva"},"content":{"rendered":"\n<p class=\"wp-block-paragraph\">Por: Agencias<\/p>\n\n\n\n<p class=\"wp-block-paragraph\">Matamoros, Tamaulipas. &#8211; Como parte de las acciones de asistencia social y prevenci\u00f3n en materia de salud, en el Centro de Ejecuci\u00f3n de Sanciones (CEDES) de Matamoros se llev\u00f3 a cabo una pl\u00e1tica de concientizaci\u00f3n y prevenci\u00f3n del embarazo, as\u00ed como una charla sobre salud mental durante la gestaci\u00f3n.<\/p>\n\n\n\n<p class=\"wp-block-paragraph\">Estas actividades estuvieron dirigidas a las mujeres privadas de la libertad en proceso de reinserci\u00f3n social con el prop\u00f3sito de brindarles informaci\u00f3n relevante y herramientas para el cuidado de su bienestar.<\/p>\n\n\n\n<p class=\"wp-block-paragraph\">Las ponencias fueron impartidas por personal del Instituto de la Mujer y del Instituto Mexicano del Seguro Social (IMSS), contando con la participaci\u00f3n de diversas autoridades, entre ellas, Claudia Alvarado Serna, directora del Instituto Municipal de la Mujer; Karyna Jazm\u00edn Insignia Morales, regidora y presidenta de la Comisi\u00f3n de Equidad de G\u00e9nero; Amalia Morales Cobos, Alba Villasana Aguilar y Roc\u00edo Salinas Rosales, regidoras integrantes de la misma comisi\u00f3n; as\u00ed como Brandon Enrique Castillo Camacho, director del Instituto Municipal de Atenci\u00f3n a la Juventud, y Roc\u00edo Salinas Rosales, jefa de Trabajo Social de la UMF 79.<\/p>\n\n\n\n<p class=\"wp-block-paragraph\">Esta actividad refuerza el compromiso interinstitucional para fomentar la educaci\u00f3n en el \u00e1mbito sanitario, promover el bienestar integral de la poblaci\u00f3n de los cinco CEDES de la entidad, y brindarles herramientas que contribuyan a su desarrollo personal.<\/p>\n","protected":false},"excerpt":{"rendered":"<p>Por: Agencias Matamoros, Tamaulipas. &#8211; Como parte de las acciones de asistencia social y prevenci\u00f3n en materia de salud, en el Centro de Ejecuci\u00f3n de Sanciones (CEDES) de Matamoros se llev\u00f3 a cabo una pl\u00e1tica de concientizaci\u00f3n y prevenci\u00f3n del embarazo, as\u00ed como una charla sobre salud mental durante la gestaci\u00f3n. Estas actividades estuvieron dirigidas [&hellip;]<\/p>\n","protected":false},"author":1,"featured_media":13137,"comment_status":"open","ping_status":"open","sticky":false,"template":"","format":"standard","meta":{"footnotes":""},"categories":[53],"tags":[],"class_list":["post-13136","post","type-post","status-publish","format-standard","has-post-thumbnail","category-tamaulipas"],"amp_enabled":true,"_links":{"self":[{"href":"https:\/\/luisvaltierranoticias.com\/index.php?rest_route=\/wp\/v2\/posts\/13136","targetHints":{"allow":["GET"]}}],"collection":[{"href":"https:\/\/luisvaltierranoticias.com\/index.php?rest_route=\/wp\/v2\/posts"}],"about":[{"href":"https:\/\/luisvaltierranoticias.com\/index.php?rest_route=\/wp\/v2\/types\/post"}],"author":[{"embeddable":true,"href":"https:\/\/luisvaltierranoticias.com\/index.php?rest_route=\/wp\/v2\/users\/1"}],"replies":[{"embeddable":true,"href":"https:\/\/luisvaltierranoticias.com\/index.php?rest_route=%2Fwp%2Fv2%2Fcomments&post=13136"}],"version-history":[{"count":1,"href":"https:\/\/luisvaltierranoticias.com\/index.php?rest_route=\/wp\/v2\/posts\/13136\/revisions"}],"predecessor-version":[{"id":13138,"href":"https:\/\/luisvaltierranoticias.com\/index.php?rest_route=\/wp\/v2\/posts\/13136\/revisions\/13138"}],"wp:featuredmedia":[{"embeddable":true,"href":"https:\/\/luisvaltierranoticias.com\/index.php?rest_route=\/wp\/v2\/media\/13137"}],"wp:attachment":[{"href":"https:\/\/luisvaltierranoticias.com\/index.php?rest_route=%2Fwp%2Fv2%2Fmedia&parent=13136"}],"wp:term":[{"taxonomy":"category","embeddable":true,"href":"https:\/\/luisvaltierranoticias.com\/index.php?rest_route=%2Fwp%2Fv2%2Fcategories&post=13136"},{"taxonomy":"post_tag","embeddable":true,"href":"https:\/\/luisvaltierranoticias.com\/index.php?rest_route=%2Fwp%2Fv2%2Ftags&post=13136"}],"curies":[{"name":"wp","href":"https:\/\/api.w.org\/{rel}","templated":true}]}}