{"id":12691,"date":"2025-02-09T21:16:50","date_gmt":"2025-02-10T03:16:50","guid":{"rendered":"https:\/\/luisvaltierranoticias.com\/?p=12691"},"modified":"2025-02-09T21:16:51","modified_gmt":"2025-02-10T03:16:51","slug":"anuncia-gobierno-municipal-eventos-turisticos-con-invitados-especiales","status":"publish","type":"post","link":"https:\/\/luisvaltierranoticias.com\/?p=12691","title":{"rendered":"ANUNCIA GOBIERNO MUNICIPAL EVENTOS TUR\u00cdSTICOS CON INVITADOS ESPECIALES"},"content":{"rendered":"\n<p>Por: Staff | #NuevoLaredo #Laredo #NLD #Tamaulipas<\/p>\n\n\n\n<p>Con la finalidad de impulsar el turismo y reforzar la diversi\u00f3n familiar, el Gobierno Municipal, dio a conocer una serie de eventos que se realizar\u00e1n el pr\u00f3ximo mes de marzo.<\/p>\n\n\n\n<p>Para iniciar el domingo 2 de marzo a partir de las 8:00 de la ma\u00f1ana habr\u00e1 un torneo de pesca en el rancho San Ricardo donde se contar\u00e1 con la presencia de Pedro Alfredo Sors, conductor del reconocido programa \u201cCa\u00f1a y carrete\u201d, quien ofrecer\u00e1 una interesante pl\u00e1tica sobre t\u00e9cnicas de pesca.<\/p>\n\n\n\n<p>\u201cOfrecer\u00e1 una t\u00e9cnica especial para pescar y estamos invitando a los pescadores de Nuevo Laredo y mucha gente for\u00e1nea tambi\u00e9n est\u00e1 interesada, pues se trata de una persona muy calificada para un buen sabor a este evento\u201d, se\u00f1al\u00f3 Maribel Garza Gonz\u00e1lez, directora de Turismo Municipal.<\/p>\n\n\n\n<p>Mientras que para el 22 de marzo, a partir de la 1:00 de la tarde en el Centro Cultural est\u00e1 programado el Car Fest 2025, donde se espera la presencia de alrededor de 10 mil personas, entre locales y for\u00e1neas.<\/p>\n","protected":false},"excerpt":{"rendered":"<p>Por: Staff | #NuevoLaredo #Laredo #NLD #Tamaulipas Con la finalidad de impulsar el turismo y reforzar la diversi\u00f3n familiar, el Gobierno Municipal, dio a conocer una serie de eventos que se realizar\u00e1n el pr\u00f3ximo mes de marzo. Para iniciar el domingo 2 de marzo a partir de las 8:00 de la ma\u00f1ana habr\u00e1 un torneo [&hellip;]<\/p>\n","protected":false},"author":1,"featured_media":12693,"comment_status":"open","ping_status":"open","sticky":false,"template":"","format":"standard","meta":{"footnotes":""},"categories":[31],"tags":[],"class_list":{"0":"post-12691","1":"post","2":"type-post","3":"status-publish","4":"format-standard","5":"has-post-thumbnail","7":"category-nuevo-laredo"},"amp_enabled":true,"_links":{"self":[{"href":"https:\/\/luisvaltierranoticias.com\/index.php?rest_route=\/wp\/v2\/posts\/12691","targetHints":{"allow":["GET"]}}],"collection":[{"href":"https:\/\/luisvaltierranoticias.com\/index.php?rest_route=\/wp\/v2\/posts"}],"about":[{"href":"https:\/\/luisvaltierranoticias.com\/index.php?rest_route=\/wp\/v2\/types\/post"}],"author":[{"embeddable":true,"href":"https:\/\/luisvaltierranoticias.com\/index.php?rest_route=\/wp\/v2\/users\/1"}],"replies":[{"embeddable":true,"href":"https:\/\/luisvaltierranoticias.com\/index.php?rest_route=%2Fwp%2Fv2%2Fcomments&post=12691"}],"version-history":[{"count":1,"href":"https:\/\/luisvaltierranoticias.com\/index.php?rest_route=\/wp\/v2\/posts\/12691\/revisions"}],"predecessor-version":[{"id":12694,"href":"https:\/\/luisvaltierranoticias.com\/index.php?rest_route=\/wp\/v2\/posts\/12691\/revisions\/12694"}],"wp:featuredmedia":[{"embeddable":true,"href":"https:\/\/luisvaltierranoticias.com\/index.php?rest_route=\/wp\/v2\/media\/12693"}],"wp:attachment":[{"href":"https:\/\/luisvaltierranoticias.com\/index.php?rest_route=%2Fwp%2Fv2%2Fmedia&parent=12691"}],"wp:term":[{"taxonomy":"category","embeddable":true,"href":"https:\/\/luisvaltierranoticias.com\/index.php?rest_route=%2Fwp%2Fv2%2Fcategories&post=12691"},{"taxonomy":"post_tag","embeddable":true,"href":"https:\/\/luisvaltierranoticias.com\/index.php?rest_route=%2Fwp%2Fv2%2Ftags&post=12691"}],"curies":[{"name":"wp","href":"https:\/\/api.w.org\/{rel}","templated":true}]}}