{"id":12679,"date":"2025-02-07T15:57:58","date_gmt":"2025-02-07T21:57:58","guid":{"rendered":"https:\/\/luisvaltierranoticias.com\/?p=12679"},"modified":"2025-02-07T15:57:59","modified_gmt":"2025-02-07T21:57:59","slug":"emprendedores-de-nuevo-laredo-se-capacitan-en-administracion-y-finanzas","status":"publish","type":"post","link":"https:\/\/luisvaltierranoticias.com\/?p=12679","title":{"rendered":"EMPRENDEDORES DE NUEVO LAREDO SE CAPACITAN EN ADMINISTRACI\u00d3N Y FINANZAS"},"content":{"rendered":"\n<p>Por: Staff | #NuevoLaredo #Laredo #NLD #Tamaulipas<\/p>\n\n\n\n<p>M\u00e1s de 50 emprendedores y representantes de micro, peque\u00f1as y medianas empresas (MIPYMES) participaron en el curso &#8220;Administraci\u00f3n y Finanzas para Negocios&#8221;, una iniciativa del Gobierno Municipal en conjunto con Fondo Tamaulipas.<\/p>\n\n\n\n<p>Durante esta jornada de aprendizaje, los asistentes adquirieron conocimientos clave en gesti\u00f3n empresarial, planificaci\u00f3n financiera y toma de decisiones estrat\u00e9gicas, herramientas esenciales para fortalecer sus negocios y garantizar su crecimiento en el mercado local.<\/p>\n\n\n\n<p>&#8220;Desde el Gobierno de Nuevo Laredo, liderado por nuestra presidenta municipal Carmen Lilia Canturosas, seguimos trabajando para que nuestros emprendedores cuenten con m\u00e1s oportunidades y capacitaci\u00f3n de calidad&#8221;, coment\u00f3 Lorena Cavazos, directora de Comercio, Empleo y PYMES.<\/p>\n\n\n\n<p>El curso cont\u00f3 con la participaci\u00f3n de especialistas de Fondo Tamaulipas, quienes ofrecieron informaci\u00f3n detallada sobre esquemas de financiamiento y programas de apoyo para impulsar el desarrollo de los negocios locales.<\/p>\n\n\n\n<p>Se invita a todos los interesados en futuras capacitaciones a mantenerse atentos a las redes sociales oficiales de la Secretar\u00eda de Desarrollo Econ\u00f3mico, donde se anunciar\u00e1n nuevas oportunidades de formaci\u00f3n para el sector emprendedor de Nuevo Laredo.<\/p>\n","protected":false},"excerpt":{"rendered":"<p>Por: Staff | #NuevoLaredo #Laredo #NLD #Tamaulipas M\u00e1s de 50 emprendedores y representantes de micro, peque\u00f1as y medianas empresas (MIPYMES) participaron en el curso &#8220;Administraci\u00f3n y Finanzas para Negocios&#8221;, una iniciativa del Gobierno Municipal en conjunto con Fondo Tamaulipas. Durante esta jornada de aprendizaje, los asistentes adquirieron conocimientos clave en gesti\u00f3n empresarial, planificaci\u00f3n financiera y [&hellip;]<\/p>\n","protected":false},"author":1,"featured_media":12680,"comment_status":"open","ping_status":"open","sticky":false,"template":"","format":"standard","meta":{"footnotes":""},"categories":[31],"tags":[],"class_list":{"0":"post-12679","1":"post","2":"type-post","3":"status-publish","4":"format-standard","5":"has-post-thumbnail","7":"category-nuevo-laredo"},"amp_enabled":true,"_links":{"self":[{"href":"https:\/\/luisvaltierranoticias.com\/index.php?rest_route=\/wp\/v2\/posts\/12679","targetHints":{"allow":["GET"]}}],"collection":[{"href":"https:\/\/luisvaltierranoticias.com\/index.php?rest_route=\/wp\/v2\/posts"}],"about":[{"href":"https:\/\/luisvaltierranoticias.com\/index.php?rest_route=\/wp\/v2\/types\/post"}],"author":[{"embeddable":true,"href":"https:\/\/luisvaltierranoticias.com\/index.php?rest_route=\/wp\/v2\/users\/1"}],"replies":[{"embeddable":true,"href":"https:\/\/luisvaltierranoticias.com\/index.php?rest_route=%2Fwp%2Fv2%2Fcomments&post=12679"}],"version-history":[{"count":1,"href":"https:\/\/luisvaltierranoticias.com\/index.php?rest_route=\/wp\/v2\/posts\/12679\/revisions"}],"predecessor-version":[{"id":12681,"href":"https:\/\/luisvaltierranoticias.com\/index.php?rest_route=\/wp\/v2\/posts\/12679\/revisions\/12681"}],"wp:featuredmedia":[{"embeddable":true,"href":"https:\/\/luisvaltierranoticias.com\/index.php?rest_route=\/wp\/v2\/media\/12680"}],"wp:attachment":[{"href":"https:\/\/luisvaltierranoticias.com\/index.php?rest_route=%2Fwp%2Fv2%2Fmedia&parent=12679"}],"wp:term":[{"taxonomy":"category","embeddable":true,"href":"https:\/\/luisvaltierranoticias.com\/index.php?rest_route=%2Fwp%2Fv2%2Fcategories&post=12679"},{"taxonomy":"post_tag","embeddable":true,"href":"https:\/\/luisvaltierranoticias.com\/index.php?rest_route=%2Fwp%2Fv2%2Ftags&post=12679"}],"curies":[{"name":"wp","href":"https:\/\/api.w.org\/{rel}","templated":true}]}}