{"id":12662,"date":"2025-02-06T19:13:56","date_gmt":"2025-02-07T01:13:56","guid":{"rendered":"https:\/\/luisvaltierranoticias.com\/?p=12662"},"modified":"2025-02-06T19:13:58","modified_gmt":"2025-02-07T01:13:58","slug":"inauguran-gobernador-americo-villarreal-y-alcaldesa-carmen-lilia-segundo-puente-ferroviario-internacional-en-nuevo-laredo","status":"publish","type":"post","link":"https:\/\/luisvaltierranoticias.com\/?p=12662","title":{"rendered":"INAUGURAN GOBERNADOR AM\u00c9RICO VILLARREAL Y ALCALDESA CARMEN LILIA SEGUNDO PUENTE FERROVIARIO INTERNACIONAL EN NUEVO LAREDO"},"content":{"rendered":"\n<p>Por: Staff | #NuevoLaredo #Laredo #NLD #Tamaulipas<\/p>\n\n\n\n<p>En un acontecimiento hist\u00f3rico que reafirma el liderazgo de Nuevo Laredo como el epicentro del comercio mundial, este jueves se llev\u00f3 a cabo la inauguraci\u00f3n del Segundo Puente Ferroviario Internacional que conecta a esta ciudad tamaulipeca con Laredo, Texas y con el que se duplicar\u00e1 la capacidad de cruces diarios.<\/p>\n\n\n\n<p>Este logro, resultado de una inversi\u00f3n privada superior a los 100 millones de d\u00f3lares por parte de Canadian Pacific Kansas City (CPKC), consolida los lazos comerciales y de hermandad entre M\u00e9xico, Estados Unidos y Canad\u00e1; adem\u00e1s coloca a esta ciudad fronteriza como la \u00fanica en M\u00e9xico en contar con dos cruces internacionales para ferrocarril.<\/p>\n\n\n\n<p>Jes\u00fas Antonio Esteva Medina, Secretario de Infraestructura, Comunicaciones y Transportes (SICT) y representante de la presidenta de M\u00e9xico, Claudia Sheinbaum Pardo; el gobernador de Tamaulipas, Am\u00e9rico Villarreal Anaya; y la alcaldesa de Nuevo Laredo, Carmen Lilia Canturosas Villarreal, junto a Oscar Del Cueto, presidente y representante ejecutivo de CPKC de M\u00e9xico encabezaron la ceremonia, destacando la importancia de esta infraestructura para fortalecer el comercio transfronterizo y la econom\u00eda regional.<\/p>\n\n\n\n<p>Esteva Medina, destac\u00f3 el gran impulso que la presidenta Sheinbaum Pardo ha dado a este tipo de proyectos que fortalecen la econom\u00eda del pa\u00eds, y que son clave para generar las condiciones propicias de crecimiento, progreso y bienestar para los mexicanos.<\/p>\n\n\n\n<p>\u201cYa lo dijo nuestra presidenta: esta inauguraci\u00f3n es de gran relevancia por su importancia comercial y el simbolismo que tiene; este puente es un s\u00edmbolo econ\u00f3mico y de la importancia del tratado comercial de los tres pa\u00edses, gracias a este puente se tendr\u00e1 la posibilidad de transportar mercanc\u00edas de una manera m\u00e1s r\u00e1pida, eficiente y segura desde el centro de M\u00e9xico, hasta Canad\u00e1\u201d, enfatiz\u00f3.<\/p>\n\n\n\n<p>El Gobernador resalt\u00f3 el liderazgo de la presidenta Claudia Sheinbaum Pardo para llevar a cabo las negociaciones con el Gobierno de Estados Unidos y hacer respetar la soberan\u00eda de M\u00e9xico, fortaleciendo as\u00ed la relaci\u00f3n comercial entre ambos pa\u00edses, de la cual Nuevo Laredo es un pilar.<\/p>\n\n\n\n<p>\u201cTenemos aqu\u00ed en Nuevo Laredo, una punta de desarrollo importante a nivel nacional y desde nuestra entidad, tres eventos que marcan econom\u00edas de escala, la autorizaci\u00f3n para construir el segundo cuerpo y ampliaci\u00f3n del Puente del Comercio Mundial, con el apoyo del Gobierno Federal, hoy tenemos la Agencia Nacional de Aduanas de M\u00e9xico (ANAM) y ahora un segundo puente ferroviario internacional\u201d, se\u00f1al\u00f3 el gobernador.<\/p>\n\n\n\n<p>Por su parte, la presidenta municipal resalt\u00f3 que gracias a la inversi\u00f3n en obra p\u00fablica que han realizando los Gobiernos Estatal y el Municipal en la ciudad, se han impulsado importantes proyectos estrat\u00e9gicos como construcci\u00f3n del segundo cuerpo y puente de la carretera Mex 2 que abona al dinamismo comercial de frontera.<\/p>\n\n\n\n<p>Reiter\u00f3 su compromiso de continuar priorizando la inversi\u00f3n en infraestructura con un enfoque social y de desarrollo econ\u00f3mico que potencialice las ventajas competitivas de Nuevo Laredo.<\/p>\n\n\n\n<p>\u201cQue este puente sea un testimonio duradero de nuestras acciones conjuntas para fortalecer el comercio internacional y la cooperaci\u00f3n transfronteriza, y un faro de esperanza para un futuro de prosperidad compartida. A todos los presentes, gracias por ser parte de este momento trascendental. Bienvenidos a Nuevo Laredo, donde el pasado y el futuro se encuentran para forjar un camino de oportunidades y crecimiento sin igual\u201d, se\u00f1al\u00f3.<\/p>\n\n\n\n<p>Oscar Augusto Del Cueto Cuevas, presidente y representante ejecutivo de CPKC en M\u00e9xico hizo \u00e9nfasis en la importancia de la frontera de los Dos Laredos, para duplicar su capacidad de transporte de mercanc\u00edas a trav\u00e9s de la que consider\u00f3 como el puente de entrada m\u00e1s grande de Norteam\u00e9rica.<\/p>\n\n\n\n<p>\u201cEste d\u00eda marca un hito en la historia de Nuevo Laredo, despu\u00e9s de 19 meses el puente ferroviario internacional inicia hoy un camino siendo el \u00fanico punto fronterizo con dos puentes; Nuevo Laredo ha sido tambi\u00e9n, hist\u00f3ricamente, un punto estrat\u00e9gico para el comercio internacional y con esta nueva infraestructura damos un paso firme a la modernizaci\u00f3n de nuestras cadenas de suministro\u201d, se\u00f1al\u00f3.<\/p>\n\n\n\n<figure class=\"wp-block-image size-large\"><img loading=\"lazy\" decoding=\"async\" width=\"1024\" height=\"768\" src=\"https:\/\/luisvaltierranoticias.com\/wp-content\/uploads\/2025\/02\/WhatsApp-Image-2025-02-06-at-6.43.03-PM-2-1024x768.jpeg\" alt=\"\" class=\"wp-image-12664\" srcset=\"https:\/\/luisvaltierranoticias.com\/wp-content\/uploads\/2025\/02\/WhatsApp-Image-2025-02-06-at-6.43.03-PM-2-1024x768.jpeg 1024w, https:\/\/luisvaltierranoticias.com\/wp-content\/uploads\/2025\/02\/WhatsApp-Image-2025-02-06-at-6.43.03-PM-2-300x225.jpeg 300w, https:\/\/luisvaltierranoticias.com\/wp-content\/uploads\/2025\/02\/WhatsApp-Image-2025-02-06-at-6.43.03-PM-2-768x576.jpeg 768w, https:\/\/luisvaltierranoticias.com\/wp-content\/uploads\/2025\/02\/WhatsApp-Image-2025-02-06-at-6.43.03-PM-2-1536x1152.jpeg 1536w, https:\/\/luisvaltierranoticias.com\/wp-content\/uploads\/2025\/02\/WhatsApp-Image-2025-02-06-at-6.43.03-PM-2-150x113.jpeg 150w, https:\/\/luisvaltierranoticias.com\/wp-content\/uploads\/2025\/02\/WhatsApp-Image-2025-02-06-at-6.43.03-PM-2-696x522.jpeg 696w, https:\/\/luisvaltierranoticias.com\/wp-content\/uploads\/2025\/02\/WhatsApp-Image-2025-02-06-at-6.43.03-PM-2-1068x801.jpeg 1068w, https:\/\/luisvaltierranoticias.com\/wp-content\/uploads\/2025\/02\/WhatsApp-Image-2025-02-06-at-6.43.03-PM-2.jpeg 1600w\" sizes=\"auto, (max-width: 1024px) 100vw, 1024px\" \/><\/figure>\n\n\n\n<p>Este nuevo puente ferroviario permitir\u00e1 una conexi\u00f3n m\u00e1s eficiente entre los mercados de M\u00e9xico, Estados Unidos y Canad\u00e1. La empresa ferroviaria CPKC subray\u00f3 las ventajas \u00fanicas de su servicio de l\u00ednea \u00fanica, que se extiende por m\u00e1s de 32,000 kil\u00f3metros de v\u00edas a lo largo de Am\u00e9rica del Norte, impulsado por un equipo de m\u00e1s de 20,000 trabajadores dedicados al ferrocarril. Durante los \u00faltimos 27 a\u00f1os, la empresa ha mantenido una s\u00f3lida relaci\u00f3n de colaboraci\u00f3n con los gobiernos de M\u00e9xico, Tamaulipas y Nuevo Laredo, reafirmando su compromiso con el desarrollo de la regi\u00f3n.<\/p>\n\n\n\n<p>El nuevo puente ferroviario de segunda v\u00eda cuenta con una longitud total de 1,170 pies y ha sido construido con una estructura de vigas de placa con tablero lastrado, apoyado en seis pilas de hormig\u00f3n armado. Se localiza a 35 pies del puente ya existente, permitiendo la circulaci\u00f3n simult\u00e1nea de trenes en ambas direcciones, lo que agilizar\u00e1 el tr\u00e1fico ferroviario y reducir\u00e1 los tiempos de cruce.<\/p>\n\n\n\n<p>Adem\u00e1s, la infraestructura incluye 4,500 pies de nueva v\u00eda y una serie de mejoras en seguridad fronteriza, entre las que destacan un nuevo sistema de inspecci\u00f3n de vagones por rayos X y c\u00e1maras de vigilancia. Estas inversiones permitir\u00e1n un tr\u00e1nsito m\u00e1s seguro y eficiente, beneficiando tanto a la industria como a la econom\u00eda de la regi\u00f3n.<\/p>\n\n\n\n<p>Con la puesta en marcha de este nuevo puente, Nuevo Laredo reafirma su posici\u00f3n estrat\u00e9gica como el principal punto de comercio entre M\u00e9xico y Estados Unidos, consolid\u00e1ndose como una pieza clave en la log\u00edstica global y el desarrollo econ\u00f3mico de Norteam\u00e9rica.<\/p>\n\n\n\n<p>En la inauguraci\u00f3n estuvieron presentes Andr\u00e9s Lajous, titular de la Agencia Reguladora de Transporte Ferroviario; Cameron MacKay, embajador designado de Canad\u00e1 en M\u00e9xico; Erika Sielke, c\u00f3nsul general de Estados Unidos en Nuevo Laredo; Eduardo Garza, representante del Consejo Coordinador Empresarial, as\u00ed como Senadores, Diputados Federales y Locales.<\/p>\n\n\n\n<figure class=\"wp-block-image size-large\"><img loading=\"lazy\" decoding=\"async\" width=\"1024\" height=\"682\" src=\"https:\/\/luisvaltierranoticias.com\/wp-content\/uploads\/2025\/02\/WhatsApp-Image-2025-02-06-at-6.43.03-PM-1-1024x682.jpeg\" alt=\"\" class=\"wp-image-12663\" srcset=\"https:\/\/luisvaltierranoticias.com\/wp-content\/uploads\/2025\/02\/WhatsApp-Image-2025-02-06-at-6.43.03-PM-1-1024x682.jpeg 1024w, https:\/\/luisvaltierranoticias.com\/wp-content\/uploads\/2025\/02\/WhatsApp-Image-2025-02-06-at-6.43.03-PM-1-300x200.jpeg 300w, https:\/\/luisvaltierranoticias.com\/wp-content\/uploads\/2025\/02\/WhatsApp-Image-2025-02-06-at-6.43.03-PM-1-768x512.jpeg 768w, https:\/\/luisvaltierranoticias.com\/wp-content\/uploads\/2025\/02\/WhatsApp-Image-2025-02-06-at-6.43.03-PM-1-1536x1023.jpeg 1536w, https:\/\/luisvaltierranoticias.com\/wp-content\/uploads\/2025\/02\/WhatsApp-Image-2025-02-06-at-6.43.03-PM-1-150x100.jpeg 150w, https:\/\/luisvaltierranoticias.com\/wp-content\/uploads\/2025\/02\/WhatsApp-Image-2025-02-06-at-6.43.03-PM-1-696x464.jpeg 696w, https:\/\/luisvaltierranoticias.com\/wp-content\/uploads\/2025\/02\/WhatsApp-Image-2025-02-06-at-6.43.03-PM-1-1068x712.jpeg 1068w, https:\/\/luisvaltierranoticias.com\/wp-content\/uploads\/2025\/02\/WhatsApp-Image-2025-02-06-at-6.43.03-PM-1.jpeg 1600w\" sizes=\"auto, (max-width: 1024px) 100vw, 1024px\" \/><\/figure>\n","protected":false},"excerpt":{"rendered":"<p>Por: Staff | #NuevoLaredo #Laredo #NLD #Tamaulipas En un acontecimiento hist\u00f3rico que reafirma el liderazgo de Nuevo Laredo como el epicentro del comercio mundial, este jueves se llev\u00f3 a cabo la inauguraci\u00f3n del Segundo Puente Ferroviario Internacional que conecta a esta ciudad tamaulipeca con Laredo, Texas y con el que se duplicar\u00e1 la capacidad de [&hellip;]<\/p>\n","protected":false},"author":1,"featured_media":12665,"comment_status":"open","ping_status":"open","sticky":false,"template":"","format":"standard","meta":{"footnotes":""},"categories":[59,31,53],"tags":[],"class_list":{"0":"post-12662","1":"post","2":"type-post","3":"status-publish","4":"format-standard","5":"has-post-thumbnail","7":"category-destacado","8":"category-nuevo-laredo","9":"category-tamaulipas"},"amp_enabled":true,"_links":{"self":[{"href":"https:\/\/luisvaltierranoticias.com\/index.php?rest_route=\/wp\/v2\/posts\/12662","targetHints":{"allow":["GET"]}}],"collection":[{"href":"https:\/\/luisvaltierranoticias.com\/index.php?rest_route=\/wp\/v2\/posts"}],"about":[{"href":"https:\/\/luisvaltierranoticias.com\/index.php?rest_route=\/wp\/v2\/types\/post"}],"author":[{"embeddable":true,"href":"https:\/\/luisvaltierranoticias.com\/index.php?rest_route=\/wp\/v2\/users\/1"}],"replies":[{"embeddable":true,"href":"https:\/\/luisvaltierranoticias.com\/index.php?rest_route=%2Fwp%2Fv2%2Fcomments&post=12662"}],"version-history":[{"count":1,"href":"https:\/\/luisvaltierranoticias.com\/index.php?rest_route=\/wp\/v2\/posts\/12662\/revisions"}],"predecessor-version":[{"id":12666,"href":"https:\/\/luisvaltierranoticias.com\/index.php?rest_route=\/wp\/v2\/posts\/12662\/revisions\/12666"}],"wp:featuredmedia":[{"embeddable":true,"href":"https:\/\/luisvaltierranoticias.com\/index.php?rest_route=\/wp\/v2\/media\/12665"}],"wp:attachment":[{"href":"https:\/\/luisvaltierranoticias.com\/index.php?rest_route=%2Fwp%2Fv2%2Fmedia&parent=12662"}],"wp:term":[{"taxonomy":"category","embeddable":true,"href":"https:\/\/luisvaltierranoticias.com\/index.php?rest_route=%2Fwp%2Fv2%2Fcategories&post=12662"},{"taxonomy":"post_tag","embeddable":true,"href":"https:\/\/luisvaltierranoticias.com\/index.php?rest_route=%2Fwp%2Fv2%2Ftags&post=12662"}],"curies":[{"name":"wp","href":"https:\/\/api.w.org\/{rel}","templated":true}]}}