{"id":12631,"date":"2025-02-05T23:24:35","date_gmt":"2025-02-06T05:24:35","guid":{"rendered":"https:\/\/luisvaltierranoticias.com\/?p=12631"},"modified":"2025-02-05T23:24:37","modified_gmt":"2025-02-06T05:24:37","slug":"guardia-estatal-de-genero-imparte-taller-preventivo-en-escuela-primaria-de-reynosa","status":"publish","type":"post","link":"https:\/\/luisvaltierranoticias.com\/?p=12631","title":{"rendered":"Guardia Estatal de G\u00e9nero imparte taller preventivo en escuela primaria de Reynosa"},"content":{"rendered":"\n<p>Por: Agencias<\/p>\n\n\n\n<p>Reynosa, Tamaulipas.- Como parte de las estrategias de prevenci\u00f3n y concientizaci\u00f3n social, personal de la Guardia Estatal de G\u00e9nero llev\u00f3 a cabo un taller escolar en la Escuela Primaria Enrique C. Rebsamen, ubicada en la colonia Loma Linda de Reynosa.<\/p>\n\n\n\n<p>Durante la jornada, destacaron la prevenci\u00f3n de conductas antisociales, ciberbullying, acoso escolar y adicciones, con el objetivo de fortalecer la seguridad y bienestar de los estudiantes dentro del entorno escolar, familiar y social.<\/p>\n\n\n\n<p>Asimismo, se inform\u00f3 a los asistentes sobre las funciones de la Unidad Especializada en Medidas de Atenci\u00f3n a V\u00edctimas (UMEAV) y los servicios que ofrece la Guardia Estatal de G\u00e9nero, incluyendo el traslado, acompa\u00f1amiento y canalizaci\u00f3n de personas en situaci\u00f3n de vulnerabilidad.<\/p>\n\n\n\n<p>Gracias a esta iniciativa, m\u00e1s de 200 alumnos fueron beneficiados con informaci\u00f3n clave para la prevenci\u00f3n de riesgos.<\/p>\n\n\n\n<p>Adem\u00e1s, el personal de la Guardia Estatal realiz\u00f3 un recorrido de vigilancia en la colonia y en los alrededores del plantel educativo para garantizar un entorno seguro.<\/p>\n\n\n\n<p>Este tipo de talleres forman parte de las acciones continuas que la Guardia Estatal de G\u00e9nero realiza para promover espacios libres de violencia y fomentar una cultura de prevenci\u00f3n en las comunidades escolares de Tamaulipas.<\/p>\n","protected":false},"excerpt":{"rendered":"<p>Por: Agencias Reynosa, Tamaulipas.- Como parte de las estrategias de prevenci\u00f3n y concientizaci\u00f3n social, personal de la Guardia Estatal de G\u00e9nero llev\u00f3 a cabo un taller escolar en la Escuela Primaria Enrique C. Rebsamen, ubicada en la colonia Loma Linda de Reynosa. Durante la jornada, destacaron la prevenci\u00f3n de conductas antisociales, ciberbullying, acoso escolar y [&hellip;]<\/p>\n","protected":false},"author":1,"featured_media":12632,"comment_status":"open","ping_status":"open","sticky":false,"template":"","format":"standard","meta":{"footnotes":""},"categories":[53],"tags":[],"class_list":{"0":"post-12631","1":"post","2":"type-post","3":"status-publish","4":"format-standard","5":"has-post-thumbnail","7":"category-tamaulipas"},"amp_enabled":true,"_links":{"self":[{"href":"https:\/\/luisvaltierranoticias.com\/index.php?rest_route=\/wp\/v2\/posts\/12631","targetHints":{"allow":["GET"]}}],"collection":[{"href":"https:\/\/luisvaltierranoticias.com\/index.php?rest_route=\/wp\/v2\/posts"}],"about":[{"href":"https:\/\/luisvaltierranoticias.com\/index.php?rest_route=\/wp\/v2\/types\/post"}],"author":[{"embeddable":true,"href":"https:\/\/luisvaltierranoticias.com\/index.php?rest_route=\/wp\/v2\/users\/1"}],"replies":[{"embeddable":true,"href":"https:\/\/luisvaltierranoticias.com\/index.php?rest_route=%2Fwp%2Fv2%2Fcomments&post=12631"}],"version-history":[{"count":1,"href":"https:\/\/luisvaltierranoticias.com\/index.php?rest_route=\/wp\/v2\/posts\/12631\/revisions"}],"predecessor-version":[{"id":12633,"href":"https:\/\/luisvaltierranoticias.com\/index.php?rest_route=\/wp\/v2\/posts\/12631\/revisions\/12633"}],"wp:featuredmedia":[{"embeddable":true,"href":"https:\/\/luisvaltierranoticias.com\/index.php?rest_route=\/wp\/v2\/media\/12632"}],"wp:attachment":[{"href":"https:\/\/luisvaltierranoticias.com\/index.php?rest_route=%2Fwp%2Fv2%2Fmedia&parent=12631"}],"wp:term":[{"taxonomy":"category","embeddable":true,"href":"https:\/\/luisvaltierranoticias.com\/index.php?rest_route=%2Fwp%2Fv2%2Fcategories&post=12631"},{"taxonomy":"post_tag","embeddable":true,"href":"https:\/\/luisvaltierranoticias.com\/index.php?rest_route=%2Fwp%2Fv2%2Ftags&post=12631"}],"curies":[{"name":"wp","href":"https:\/\/api.w.org\/{rel}","templated":true}]}}