{"id":12596,"date":"2025-02-05T13:46:04","date_gmt":"2025-02-05T19:46:04","guid":{"rendered":"https:\/\/luisvaltierranoticias.com\/?p=12596"},"modified":"2025-02-05T13:46:05","modified_gmt":"2025-02-05T19:46:05","slug":"tendra-direccion-de-bienestar-animal-jornada-de-esterilizacion-felina-y-canina","status":"publish","type":"post","link":"https:\/\/luisvaltierranoticias.com\/?p=12596","title":{"rendered":"TENDR\u00c1 DIRECCI\u00d3N DE BIENESTAR ANIMAL JORNADA DE ESTERILIZACI\u00d3N FELINA Y CANINA"},"content":{"rendered":"\n<p>Por: Staff | #NuevoLaredo #Laredo #NLD #Tamaulipas<\/p>\n\n\n\n<p>Como parte de las acciones preventivas y de protecci\u00f3n a perros y gatos en situaci\u00f3n de calle en Nuevo Laredo, el Gobierno Municipal a trav\u00e9s de la Direcci\u00f3n de Bienestar Animal realizar\u00e1 una jornada de esterilizaci\u00f3n a caninos en situaci\u00f3n de calle.<\/p>\n\n\n\n<p>Mariza Z\u00e1rate Flores, titular de la dependencia se\u00f1al\u00f3 que esta campa\u00f1a ser\u00e1 exclusiva para perros y gatos que hayan sido rescatados o se encuentren vagando en las calles.<\/p>\n\n\n\n<p>\u201cHemos tenido muy buena respuesta de la ciudadan\u00eda, hab\u00eda mucha necesidad que hubiera una direcci\u00f3n \u00fanicamente para atender los casos de maltrato animal, y la protecci\u00f3n animal, hemos tenido mucho trabajo a diario con rescates, seguimos dando el medicamento para los casos de sarna, y ahora viene la campa\u00f1a de esterilizaci\u00f3n gratuita, ya tenemos anotados aproximadamente 205 perritos en situaci\u00f3n de calle y rescatados\u201d, se\u00f1al\u00f3 Z\u00e1rate Flores.<\/p>\n\n\n\n<p>La funcionaria agreg\u00f3 que se abrir\u00e1n folios de registros para esterilizaciones al p\u00fablico en general y el registro se har\u00e1 a trav\u00e9s del siguiente enlace: https:\/\/forms.gle\/Q8LCnYrKvzy8w59HA o en la p\u00e1gina de facebook de la dependencia.<\/p>\n\n\n\n<p>\u201cVamos a abrir el registro traemos algunos folios disponibles los vamos a abrir al p\u00fablico para todas aquellas personas que tienen alg\u00fan animalito rescatado o en su cuadra que ande por ah\u00ed y que no ha sido esterilizado, va a ser del 19 al 24 de febrero\u201d, asegur\u00f3.<\/p>\n\n\n\n<p>Indic\u00f3 que en total van a esterilizar a 350 animalitos mediante un procedimiento que realiza una m\u00e9dico veterinaria proveniente de Monterrey, Nuevo Le\u00f3n con un sistema poco invasivo y el animalito se logra recuperar en dos d\u00edas.<\/p>\n","protected":false},"excerpt":{"rendered":"<p>Por: Staff | #NuevoLaredo #Laredo #NLD #Tamaulipas Como parte de las acciones preventivas y de protecci\u00f3n a perros y gatos en situaci\u00f3n de calle en Nuevo Laredo, el Gobierno Municipal a trav\u00e9s de la Direcci\u00f3n de Bienestar Animal realizar\u00e1 una jornada de esterilizaci\u00f3n a caninos en situaci\u00f3n de calle. Mariza Z\u00e1rate Flores, titular de la [&hellip;]<\/p>\n","protected":false},"author":1,"featured_media":12597,"comment_status":"open","ping_status":"open","sticky":false,"template":"","format":"standard","meta":{"footnotes":""},"categories":[31],"tags":[],"class_list":{"0":"post-12596","1":"post","2":"type-post","3":"status-publish","4":"format-standard","5":"has-post-thumbnail","7":"category-nuevo-laredo"},"amp_enabled":true,"_links":{"self":[{"href":"https:\/\/luisvaltierranoticias.com\/index.php?rest_route=\/wp\/v2\/posts\/12596","targetHints":{"allow":["GET"]}}],"collection":[{"href":"https:\/\/luisvaltierranoticias.com\/index.php?rest_route=\/wp\/v2\/posts"}],"about":[{"href":"https:\/\/luisvaltierranoticias.com\/index.php?rest_route=\/wp\/v2\/types\/post"}],"author":[{"embeddable":true,"href":"https:\/\/luisvaltierranoticias.com\/index.php?rest_route=\/wp\/v2\/users\/1"}],"replies":[{"embeddable":true,"href":"https:\/\/luisvaltierranoticias.com\/index.php?rest_route=%2Fwp%2Fv2%2Fcomments&post=12596"}],"version-history":[{"count":1,"href":"https:\/\/luisvaltierranoticias.com\/index.php?rest_route=\/wp\/v2\/posts\/12596\/revisions"}],"predecessor-version":[{"id":12598,"href":"https:\/\/luisvaltierranoticias.com\/index.php?rest_route=\/wp\/v2\/posts\/12596\/revisions\/12598"}],"wp:featuredmedia":[{"embeddable":true,"href":"https:\/\/luisvaltierranoticias.com\/index.php?rest_route=\/wp\/v2\/media\/12597"}],"wp:attachment":[{"href":"https:\/\/luisvaltierranoticias.com\/index.php?rest_route=%2Fwp%2Fv2%2Fmedia&parent=12596"}],"wp:term":[{"taxonomy":"category","embeddable":true,"href":"https:\/\/luisvaltierranoticias.com\/index.php?rest_route=%2Fwp%2Fv2%2Fcategories&post=12596"},{"taxonomy":"post_tag","embeddable":true,"href":"https:\/\/luisvaltierranoticias.com\/index.php?rest_route=%2Fwp%2Fv2%2Ftags&post=12596"}],"curies":[{"name":"wp","href":"https:\/\/api.w.org\/{rel}","templated":true}]}}