{"id":12593,"date":"2025-02-05T13:30:45","date_gmt":"2025-02-05T19:30:45","guid":{"rendered":"https:\/\/luisvaltierranoticias.com\/?p=12593"},"modified":"2025-02-05T13:30:48","modified_gmt":"2025-02-05T19:30:48","slug":"invita-gobierno-municipal-al-bazar-juntos-lo-hacemos-posible-edicion-san-valentin","status":"publish","type":"post","link":"https:\/\/luisvaltierranoticias.com\/?p=12593","title":{"rendered":"INVITA GOBIERNO MUNICIPAL AL BAZAR &#8220;JUNTOS LO HACEMOS POSIBLE&#8221; EDICI\u00d3N SAN VALENT\u00cdN"},"content":{"rendered":"\n<p>Por: Staff | #NuevoLaredo #Laredo #NLD #Tamaulipas<\/p>\n\n\n\n<p>El Gobierno Municipal invita a la ciudadan\u00eda a disfrutar del Bazar &#8220;Juntos lo hacemos posible&#8221; Edici\u00f3n San Valent\u00edn, que se llevar\u00e1 a cabo el pr\u00f3ximo jueves 8 de febrero de 2:00 PM a 7:00 PM en el Parque Viveros.<\/p>\n\n\n\n<p>Este evento tiene como objetivo impulsar el desarrollo econ\u00f3mico de los emprendedores locales, brind\u00e1ndoles un espacio para exponer y comercializar sus productos de manera directa con la comunidad, al tiempo que fortalecen su presencia en redes sociales y contribuyen a la reactivaci\u00f3n econ\u00f3mica de la ciudad.<\/p>\n\n\n\n<p>Los asistentes podr\u00e1n encontrar una gran variedad de art\u00edculos ideales para obsequiar en el D\u00eda del Amor y la Amistad, entre los que destacan:<\/p>\n\n\n\n<p>Accesorios<\/p>\n\n\n\n<p>Ropa<\/p>\n\n\n\n<p>Joyer\u00eda<\/p>\n\n\n\n<p>Calzado<\/p>\n\n\n\n<p>Art\u00edculos personalizados<\/p>\n\n\n\n<p>Bisuter\u00eda<\/p>\n\n\n\n<p>Juguetes<\/p>\n\n\n\n<p>Alimentos<\/p>\n\n\n\n<p>El Gobierno Municipal reitera su compromiso con el apoyo a los emprendedores locales y hace un llamado a la comunidad a asistir y ser parte de esta iniciativa que fomenta el consumo local y el crecimiento de peque\u00f1os negocios.<\/p>\n","protected":false},"excerpt":{"rendered":"<p>Por: Staff | #NuevoLaredo #Laredo #NLD #Tamaulipas El Gobierno Municipal invita a la ciudadan\u00eda a disfrutar del Bazar &#8220;Juntos lo hacemos posible&#8221; Edici\u00f3n San Valent\u00edn, que se llevar\u00e1 a cabo el pr\u00f3ximo jueves 8 de febrero de 2:00 PM a 7:00 PM en el Parque Viveros. Este evento tiene como objetivo impulsar el desarrollo econ\u00f3mico [&hellip;]<\/p>\n","protected":false},"author":1,"featured_media":12594,"comment_status":"open","ping_status":"open","sticky":false,"template":"","format":"standard","meta":{"footnotes":""},"categories":[31],"tags":[],"class_list":{"0":"post-12593","1":"post","2":"type-post","3":"status-publish","4":"format-standard","5":"has-post-thumbnail","7":"category-nuevo-laredo"},"amp_enabled":true,"_links":{"self":[{"href":"https:\/\/luisvaltierranoticias.com\/index.php?rest_route=\/wp\/v2\/posts\/12593","targetHints":{"allow":["GET"]}}],"collection":[{"href":"https:\/\/luisvaltierranoticias.com\/index.php?rest_route=\/wp\/v2\/posts"}],"about":[{"href":"https:\/\/luisvaltierranoticias.com\/index.php?rest_route=\/wp\/v2\/types\/post"}],"author":[{"embeddable":true,"href":"https:\/\/luisvaltierranoticias.com\/index.php?rest_route=\/wp\/v2\/users\/1"}],"replies":[{"embeddable":true,"href":"https:\/\/luisvaltierranoticias.com\/index.php?rest_route=%2Fwp%2Fv2%2Fcomments&post=12593"}],"version-history":[{"count":1,"href":"https:\/\/luisvaltierranoticias.com\/index.php?rest_route=\/wp\/v2\/posts\/12593\/revisions"}],"predecessor-version":[{"id":12595,"href":"https:\/\/luisvaltierranoticias.com\/index.php?rest_route=\/wp\/v2\/posts\/12593\/revisions\/12595"}],"wp:featuredmedia":[{"embeddable":true,"href":"https:\/\/luisvaltierranoticias.com\/index.php?rest_route=\/wp\/v2\/media\/12594"}],"wp:attachment":[{"href":"https:\/\/luisvaltierranoticias.com\/index.php?rest_route=%2Fwp%2Fv2%2Fmedia&parent=12593"}],"wp:term":[{"taxonomy":"category","embeddable":true,"href":"https:\/\/luisvaltierranoticias.com\/index.php?rest_route=%2Fwp%2Fv2%2Fcategories&post=12593"},{"taxonomy":"post_tag","embeddable":true,"href":"https:\/\/luisvaltierranoticias.com\/index.php?rest_route=%2Fwp%2Fv2%2Ftags&post=12593"}],"curies":[{"name":"wp","href":"https:\/\/api.w.org\/{rel}","templated":true}]}}