{"id":12590,"date":"2025-02-04T23:37:44","date_gmt":"2025-02-05T05:37:44","guid":{"rendered":"https:\/\/luisvaltierranoticias.com\/?p=12590"},"modified":"2025-02-04T23:37:45","modified_gmt":"2025-02-05T05:37:45","slug":"refuerza-sst-acciones-preventivas-en-el-mes-de-concientizacion-del-cancer-infantil","status":"publish","type":"post","link":"https:\/\/luisvaltierranoticias.com\/?p=12590","title":{"rendered":"Refuerza SST acciones preventivas en el Mes de Concientizaci\u00f3n del C\u00e1ncer Infantil"},"content":{"rendered":"\n<p>Por: Agencias<\/p>\n\n\n\n<p>Ciudad Victoria, Tamaulipas.- Con el lema \u201cDetectar hoy para sonre\u00edr ma\u00f1ana\u201d, en el mes de febrero se refuerzan las acciones de concientizaci\u00f3n del c\u00e1ncer infantil, y la Secretar\u00eda de Salud centra las actividades en la detecci\u00f3n temprana y el diagn\u00f3stico correcto para prevenir complicaciones y defunciones por esta causa.<\/p>\n\n\n\n<p>Lo anterior lo manifest\u00f3 el titular de la dependencia estatal, Vicente Joel Hern\u00e1ndez Navarro, al se\u00f1alar que en este periodo se fortalece la prevenci\u00f3n y difusi\u00f3n para mantener informada a la poblaci\u00f3n sobre los signos y s\u00edntomas para detectar a tiempo este tipo de padecimientos en ni\u00f1as, ni\u00f1os y adolescentes.<\/p>\n\n\n\n<p>\u201cEn Tamaulipas se cuenta con unidades m\u00e9dicas debidamente acreditadas para detectar y atender de manera efectiva el c\u00e1ncer infantil, y ante cualquier s\u00edntoma queremos que el padre, madre o quien tenga la responsabilidad de ser quien cuide del menor acuda a las unidades, como los centros de salud, para el proceso de detecci\u00f3n y tratamiento adecuado\u201d, dijo.<\/p>\n\n\n\n<p>El secretario de Salud exhort\u00f3 a la poblaci\u00f3n a que, ante s\u00edntomas como fiebre sin motivo que no cede con medicamentos, sue\u00f1o, cansancio y\/o palidez constante, dolor de cabeza frecuente, p\u00e9rdida del equilibrio o mareo espont\u00e1neo recurrente, dolor persistente de huesos y\/o articulaciones (que en ocasiones se cree que es por el crecimiento) o p\u00e9rdida de peso evidente, acuda a la unidad de salud m\u00e1s cercana para un diagn\u00f3stico correcto.<\/p>\n\n\n\n<p>Otros s\u00edntomas que tambi\u00e9n deben detectarse son el crecimiento anormal del abdomen, moretones repentinos sin justificaci\u00f3n, sangrado en enc\u00edas y\/o nariz sin raz\u00f3n aparente, luz blanca en un ojo durante la revisi\u00f3n m\u00e9dica y la presencia de bolitas en cuello, axilas o ingles.<\/p>\n\n\n\n<p>Refiri\u00f3 que en el estado se diagnostican de 30 a 40 casos al a\u00f1o, siendo la leucemia linfobl\u00e1stica aguda la que m\u00e1s se presenta en este grupo de poblaci\u00f3n, seguida de los tumores s\u00f3lidos como los del sistema nervioso central y los linfomas. Para ello, se cuenta con una red oncol\u00f3gica integrada por m\u00e9dicos especialistas y trabajadores de la salud que realizan acciones concretas para garantizar el dictamen y tratamiento integral de la enfermedad.<\/p>\n","protected":false},"excerpt":{"rendered":"<p>Por: Agencias Ciudad Victoria, Tamaulipas.- Con el lema \u201cDetectar hoy para sonre\u00edr ma\u00f1ana\u201d, en el mes de febrero se refuerzan las acciones de concientizaci\u00f3n del c\u00e1ncer infantil, y la Secretar\u00eda de Salud centra las actividades en la detecci\u00f3n temprana y el diagn\u00f3stico correcto para prevenir complicaciones y defunciones por esta causa. Lo anterior lo manifest\u00f3 [&hellip;]<\/p>\n","protected":false},"author":1,"featured_media":12591,"comment_status":"open","ping_status":"open","sticky":false,"template":"","format":"standard","meta":{"footnotes":""},"categories":[53],"tags":[],"class_list":{"0":"post-12590","1":"post","2":"type-post","3":"status-publish","4":"format-standard","5":"has-post-thumbnail","7":"category-tamaulipas"},"amp_enabled":true,"_links":{"self":[{"href":"https:\/\/luisvaltierranoticias.com\/index.php?rest_route=\/wp\/v2\/posts\/12590","targetHints":{"allow":["GET"]}}],"collection":[{"href":"https:\/\/luisvaltierranoticias.com\/index.php?rest_route=\/wp\/v2\/posts"}],"about":[{"href":"https:\/\/luisvaltierranoticias.com\/index.php?rest_route=\/wp\/v2\/types\/post"}],"author":[{"embeddable":true,"href":"https:\/\/luisvaltierranoticias.com\/index.php?rest_route=\/wp\/v2\/users\/1"}],"replies":[{"embeddable":true,"href":"https:\/\/luisvaltierranoticias.com\/index.php?rest_route=%2Fwp%2Fv2%2Fcomments&post=12590"}],"version-history":[{"count":1,"href":"https:\/\/luisvaltierranoticias.com\/index.php?rest_route=\/wp\/v2\/posts\/12590\/revisions"}],"predecessor-version":[{"id":12592,"href":"https:\/\/luisvaltierranoticias.com\/index.php?rest_route=\/wp\/v2\/posts\/12590\/revisions\/12592"}],"wp:featuredmedia":[{"embeddable":true,"href":"https:\/\/luisvaltierranoticias.com\/index.php?rest_route=\/wp\/v2\/media\/12591"}],"wp:attachment":[{"href":"https:\/\/luisvaltierranoticias.com\/index.php?rest_route=%2Fwp%2Fv2%2Fmedia&parent=12590"}],"wp:term":[{"taxonomy":"category","embeddable":true,"href":"https:\/\/luisvaltierranoticias.com\/index.php?rest_route=%2Fwp%2Fv2%2Fcategories&post=12590"},{"taxonomy":"post_tag","embeddable":true,"href":"https:\/\/luisvaltierranoticias.com\/index.php?rest_route=%2Fwp%2Fv2%2Ftags&post=12590"}],"curies":[{"name":"wp","href":"https:\/\/api.w.org\/{rel}","templated":true}]}}