{"id":12581,"date":"2025-02-04T18:01:16","date_gmt":"2025-02-05T00:01:16","guid":{"rendered":"https:\/\/luisvaltierranoticias.com\/?p=12581"},"modified":"2025-02-04T18:01:17","modified_gmt":"2025-02-05T00:01:17","slug":"fomenta-memorabilia-el-sentido-de-pertenencia-e-identidad-entre-los-estudiantes","status":"publish","type":"post","link":"https:\/\/luisvaltierranoticias.com\/?p=12581","title":{"rendered":"Fomenta \u201cMemorabilia\u201d el sentido de pertenencia e identidad entre los estudiantes"},"content":{"rendered":"\n<p>-A trav\u00e9s de una exposici\u00f3n conformada por 147 fotograf\u00edas, se narra y celebra la historia de las escuelas en Tamaulipas<\/p>\n\n\n\n<p>Por: Agencias<\/p>\n\n\n\n<p>Ciudad Victoria, Tamaulipas.\u2013 Con la idea de fomentar el sentido de pertenencia e identidad entre las y los estudiantes de educaci\u00f3n b\u00e1sica con sus centros educativos, as\u00ed como promover los valores de la Nueva Escuela Mexicana, la Secretar\u00eda de Educaci\u00f3n de Tamaulipas lanz\u00f3 la convocatoria \u201cHonor, dignidad y amor por Tamaulipas\u201d, que contempla la exposici\u00f3n fotogr\u00e1fica \u201cMemorabilia\u201d.<\/p>\n\n\n\n<p>La secretaria de Educaci\u00f3n de Tamaulipas, Luc\u00eda Aim\u00e9 Castillo Pastor, inaugur\u00f3 esta muestra gr\u00e1fica conformada por 147 fotograf\u00edas que narran y celebran la historia de escuelas ubicadas a lo largo y ancho del estado, en la que participaron estudiantes, docentes, directivos, madres y padres de familia y hasta ex alumnos de alrededor de 600 escuelas en la entidad.<\/p>\n\n\n\n<p>Destac\u00f3 que \u201cMemorabilia\u201d enaltece y reconoce el paso de la participaci\u00f3n social en la historia de vida de cada una de las escuelas tamaulipecas: \u201clas ni\u00f1as, ni\u00f1os, adolescentes y j\u00f3venes que han participado en este indagar de su historia, acrecentaron la profundidad de su arraigo con nuestra tierra\u201d, complement\u00f3.<\/p>\n\n\n\n<p>Explic\u00f3 que la exposici\u00f3n es un reconocimiento a nuestra historia como sociedad, ya que solo conociendo de d\u00f3nde venimos, qui\u00e9nes estuvieron antes que nosotros y qu\u00e9 hicieron, es como podemos saber qui\u00e9nes somos en realidad.<\/p>\n\n\n\n<p>Castillo Pastor afirm\u00f3 que con actividades como esta, se fortalece el tejido social de la entidad, atendiendo una de las principales tareas que ha encomendado el gobernador, a quien cit\u00f3: \u201cTamaulipas es una tierra en la que se garantiza el ejercicio pleno del derecho a la cultura, la esperanza se renueva y en donde unidos con voluntad y trabajo, construimos un estado m\u00e1s justo, m\u00e1s libre y m\u00e1s pr\u00f3spero\u201d, enfatiz\u00f3.<\/p>\n\n\n\n<p>Agradeci\u00f3 a todas y todos los que formaron parte e hicieron posible esta exposici\u00f3n que fomenta los valores entre las y los estudiantes tamaulipecos, tal como dictan las pol\u00edticas educativas que impulsa el gobernador Am\u00e9rico Villarreal Anaya.<\/p>\n\n\n\n<p>\u201cMemorabilia\u201d se estar\u00e1 exhibiendo en el Museo Tamux hasta el pr\u00f3ximo 21 de marzo, en un horario de 10:00 a 17:00 horas, de martes a domingo; la entrada es gratuita y a partir de abril se encontrar\u00e1 de manera itinerante en distintas instituciones educativas del estado.<\/p>\n","protected":false},"excerpt":{"rendered":"<p>-A trav\u00e9s de una exposici\u00f3n conformada por 147 fotograf\u00edas, se narra y celebra la historia de las escuelas en Tamaulipas Por: Agencias Ciudad Victoria, Tamaulipas.\u2013 Con la idea de fomentar el sentido de pertenencia e identidad entre las y los estudiantes de educaci\u00f3n b\u00e1sica con sus centros educativos, as\u00ed como promover los valores de la [&hellip;]<\/p>\n","protected":false},"author":1,"featured_media":12582,"comment_status":"open","ping_status":"open","sticky":false,"template":"","format":"standard","meta":{"footnotes":""},"categories":[53],"tags":[],"class_list":{"0":"post-12581","1":"post","2":"type-post","3":"status-publish","4":"format-standard","5":"has-post-thumbnail","7":"category-tamaulipas"},"amp_enabled":true,"_links":{"self":[{"href":"https:\/\/luisvaltierranoticias.com\/index.php?rest_route=\/wp\/v2\/posts\/12581","targetHints":{"allow":["GET"]}}],"collection":[{"href":"https:\/\/luisvaltierranoticias.com\/index.php?rest_route=\/wp\/v2\/posts"}],"about":[{"href":"https:\/\/luisvaltierranoticias.com\/index.php?rest_route=\/wp\/v2\/types\/post"}],"author":[{"embeddable":true,"href":"https:\/\/luisvaltierranoticias.com\/index.php?rest_route=\/wp\/v2\/users\/1"}],"replies":[{"embeddable":true,"href":"https:\/\/luisvaltierranoticias.com\/index.php?rest_route=%2Fwp%2Fv2%2Fcomments&post=12581"}],"version-history":[{"count":1,"href":"https:\/\/luisvaltierranoticias.com\/index.php?rest_route=\/wp\/v2\/posts\/12581\/revisions"}],"predecessor-version":[{"id":12583,"href":"https:\/\/luisvaltierranoticias.com\/index.php?rest_route=\/wp\/v2\/posts\/12581\/revisions\/12583"}],"wp:featuredmedia":[{"embeddable":true,"href":"https:\/\/luisvaltierranoticias.com\/index.php?rest_route=\/wp\/v2\/media\/12582"}],"wp:attachment":[{"href":"https:\/\/luisvaltierranoticias.com\/index.php?rest_route=%2Fwp%2Fv2%2Fmedia&parent=12581"}],"wp:term":[{"taxonomy":"category","embeddable":true,"href":"https:\/\/luisvaltierranoticias.com\/index.php?rest_route=%2Fwp%2Fv2%2Fcategories&post=12581"},{"taxonomy":"post_tag","embeddable":true,"href":"https:\/\/luisvaltierranoticias.com\/index.php?rest_route=%2Fwp%2Fv2%2Ftags&post=12581"}],"curies":[{"name":"wp","href":"https:\/\/api.w.org\/{rel}","templated":true}]}}