{"id":12572,"date":"2025-02-04T17:52:14","date_gmt":"2025-02-04T23:52:14","guid":{"rendered":"https:\/\/luisvaltierranoticias.com\/?p=12572"},"modified":"2025-02-04T17:52:16","modified_gmt":"2025-02-04T23:52:16","slug":"capacita-cobat-a-docentes-y-directivos-en-jornada-de-acompanamiento","status":"publish","type":"post","link":"https:\/\/luisvaltierranoticias.com\/?p=12572","title":{"rendered":"Capacita COBAT a docentes y directivos en Jornada de Acompa\u00f1amiento"},"content":{"rendered":"\n<p>-Se instruy\u00f3 a las y los maestros y directivos de todos los planteles en el estado, sobre la implementaci\u00f3n del Marco Curricular Com\u00fan de la Educaci\u00f3n Media Superior acorde a la Nueva Escuela Mexicana<\/p>\n\n\n\n<p>Por: Agencias<\/p>\n\n\n\n<p>Ciudad Victoria, Tamaulipas.\u2013 Del 23 al 30 de enero, el Colegio de Bachilleres del Estado de Tamaulipas (COBAT) realiz\u00f3 Jornadas de Acompa\u00f1amiento en sus planteles, en donde capacit\u00f3 a docentes y directivos sobre la implementaci\u00f3n del Marco Curricular Com\u00fan de la Educaci\u00f3n Media Superior, ello como parte de la Nueva Escuela Mexicana.<\/p>\n\n\n\n<p>El director general del COBAT, Rub\u00e9n Ely Ram\u00edrez Rivas, inform\u00f3 que el objetivo de estas jornadas fue instruir al personal docente y directivo con orientaci\u00f3n metodol\u00f3gica-did\u00e1ctica, de disciplina y de fortalecimiento de las progresiones de aprendizaje en el aula para su correcta ejecuci\u00f3n durante el ciclo escolar que va comenzando.<\/p>\n\n\n\n<p>A\u00f1adi\u00f3 que durante las capacitaciones se desarrollaron mesas de trabajo, atendiendo a cada uno de los elementos curriculares que conforman el plan de estudios vigente; as\u00ed mismo, las y los docentes de cada uno de los centros educativos pertenecientes a las siete coordinaciones, acompa\u00f1ados por el titular y las jefaturas de materia de la direcci\u00f3n acad\u00e9mica, realizaron un ejercicio de planeaci\u00f3n did\u00e1ctica e integraci\u00f3n de Proyectos Escolares Comunitarios para las Unidades de Aprendizaje Curricular que atender\u00e1n.<\/p>\n\n\n\n<p>Indic\u00f3 que los temas que se abordaron en las mesas de trabajo fueron: pensamiento matem\u00e1tico, lengua y comunicaci\u00f3n, ingl\u00e9s, cultura digital, ciencias naturales, experimentales y tecnolog\u00eda, ciencias sociales y conciencia hist\u00f3rica, humanidades, formaci\u00f3n socioemocional \u00e1mbitos 1 y A, y formaci\u00f3n socioemocional \u00e1mbito 2.<\/p>\n\n\n\n<p>Ram\u00edrez Rivas destac\u00f3 que todas estas acciones son posibles gracias al respaldo del Gobierno Estatal, que bajo la direcci\u00f3n del gobernador Am\u00e9rico Villarreal Anaya, y a trav\u00e9s de la Secretar\u00eda de Educaci\u00f3n, con la conducci\u00f3n de Luc\u00eda Aim\u00e9 Castillo Pastor, implementa pol\u00edticas p\u00fablicas que elevan la calidad y pertinencia de la Educaci\u00f3n Media Superior en la entidad.<\/p>\n","protected":false},"excerpt":{"rendered":"<p>-Se instruy\u00f3 a las y los maestros y directivos de todos los planteles en el estado, sobre la implementaci\u00f3n del Marco Curricular Com\u00fan de la Educaci\u00f3n Media Superior acorde a la Nueva Escuela Mexicana Por: Agencias Ciudad Victoria, Tamaulipas.\u2013 Del 23 al 30 de enero, el Colegio de Bachilleres del Estado de Tamaulipas (COBAT) realiz\u00f3 [&hellip;]<\/p>\n","protected":false},"author":1,"featured_media":12573,"comment_status":"open","ping_status":"open","sticky":false,"template":"","format":"standard","meta":{"footnotes":""},"categories":[53],"tags":[],"class_list":{"0":"post-12572","1":"post","2":"type-post","3":"status-publish","4":"format-standard","5":"has-post-thumbnail","7":"category-tamaulipas"},"amp_enabled":true,"_links":{"self":[{"href":"https:\/\/luisvaltierranoticias.com\/index.php?rest_route=\/wp\/v2\/posts\/12572","targetHints":{"allow":["GET"]}}],"collection":[{"href":"https:\/\/luisvaltierranoticias.com\/index.php?rest_route=\/wp\/v2\/posts"}],"about":[{"href":"https:\/\/luisvaltierranoticias.com\/index.php?rest_route=\/wp\/v2\/types\/post"}],"author":[{"embeddable":true,"href":"https:\/\/luisvaltierranoticias.com\/index.php?rest_route=\/wp\/v2\/users\/1"}],"replies":[{"embeddable":true,"href":"https:\/\/luisvaltierranoticias.com\/index.php?rest_route=%2Fwp%2Fv2%2Fcomments&post=12572"}],"version-history":[{"count":1,"href":"https:\/\/luisvaltierranoticias.com\/index.php?rest_route=\/wp\/v2\/posts\/12572\/revisions"}],"predecessor-version":[{"id":12574,"href":"https:\/\/luisvaltierranoticias.com\/index.php?rest_route=\/wp\/v2\/posts\/12572\/revisions\/12574"}],"wp:featuredmedia":[{"embeddable":true,"href":"https:\/\/luisvaltierranoticias.com\/index.php?rest_route=\/wp\/v2\/media\/12573"}],"wp:attachment":[{"href":"https:\/\/luisvaltierranoticias.com\/index.php?rest_route=%2Fwp%2Fv2%2Fmedia&parent=12572"}],"wp:term":[{"taxonomy":"category","embeddable":true,"href":"https:\/\/luisvaltierranoticias.com\/index.php?rest_route=%2Fwp%2Fv2%2Fcategories&post=12572"},{"taxonomy":"post_tag","embeddable":true,"href":"https:\/\/luisvaltierranoticias.com\/index.php?rest_route=%2Fwp%2Fv2%2Ftags&post=12572"}],"curies":[{"name":"wp","href":"https:\/\/api.w.org\/{rel}","templated":true}]}}