{"id":12565,"date":"2025-02-04T15:01:07","date_gmt":"2025-02-04T21:01:07","guid":{"rendered":"https:\/\/luisvaltierranoticias.com\/?p=12565"},"modified":"2025-02-04T15:01:09","modified_gmt":"2025-02-04T21:01:09","slug":"dif-nuevo-laredo-abre-inscripciones-para-educacion-preescolar","status":"publish","type":"post","link":"https:\/\/luisvaltierranoticias.com\/?p=12565","title":{"rendered":"DIF NUEVO LAREDO ABRE INSCRIPCIONES PARA EDUCACI\u00d3N PREESCOLAR"},"content":{"rendered":"\n<p>Por: Staff | #NuevoLaredo #Laredo #NLD #Tamaulipas<\/p>\n\n\n\n<p>El Sistema para el Desarrollo Integral de la Familia (DIF) de Nuevo Laredo anunci\u00f3 la apertura del periodo de inscripciones para sus Centros Educativos, ofreciendo educaci\u00f3n preescolar en los tres niveles a ni\u00f1os de 3 a 6 a\u00f1os.<\/p>\n\n\n\n<p>Las inscripciones estar\u00e1n abiertas del 4 al 14 de febrero para el ciclo escolar 2025-2026.<\/p>\n\n\n\n<p>Los centros educativos que forman parte de esta oferta incluyen los Centros de Asistencia Infantil Comunitario (CAIC), el Centro de Cuidado Diario Infantil (CECUDI) y el Centro Asistencial de Desarrollo Infantil (CADI), los cuales imparten clases en un horario de 9:00 a.m. a 12:00 p.m.<\/p>\n\n\n\n<p>Estos centros est\u00e1n ubicados en diversas colonias de la ciudad, tales como Francisco Villa, Constitucional, Encinos, Lomas del R\u00edo, Parque Industrial 2 Laredos y Uni\u00f3n del Recuerdo.<\/p>\n\n\n\n<p>El director general del Sistema DIF, Viviano V\u00e1zquez Mac\u00edas, destac\u00f3 la importancia de esta iniciativa y extendi\u00f3 una invitaci\u00f3n a los padres de familia para que inscriban a sus hijos en estos centros educativos.<\/p>\n\n\n\n<p>\u201cInicia el periodo de inscripciones en nivel b\u00e1sico, como lo establece la Secretar\u00eda de Educaci\u00f3n. Hacemos un llamado a la ciudadan\u00eda para que aproveche esta oportunidad, ya que la educaci\u00f3n es clave en el desarrollo integral de los menores. En el DIF, contamos con ocho centros educativos distribuidos estrat\u00e9gicamente en la ciudad para garantizar el acceso a la educaci\u00f3n preescolar\u201d, se\u00f1al\u00f3.<\/p>\n\n\n\n<p>Asimismo, el funcionario subray\u00f3 que la mayor\u00eda de estos centros tambi\u00e9n operan como guarder\u00edas, ofreciendo atenci\u00f3n a los hijos de padres trabajadores en un horario extendido de 7:30 a.m. a 3:30 p.m.<\/p>\n\n\n\n<p>Las inscripciones se realizar\u00e1n directamente en los centros educativos, donde los interesados podr\u00e1n recibir m\u00e1s informaci\u00f3n y completar el tr\u00e1mite.<\/p>\n\n\n\n<p>Los espacios de atenci\u00f3n educativa infantil y guarder\u00eda del DIF Nuevo Laredo est\u00e1n ubicados en distintos puntos de la ciudad para brindar apoyo a la comunidad:<\/p>\n\n\n\n<p>Centro de Cuidado Diario Infantil (CECUDI): Doroteo Arango 1101, esquina con Joaqu\u00edn \u00c1lvarez e Iglesias Calder\u00f3n, en la colonia Francisco Villa.<\/p>\n\n\n\n<p>CAIC Mundo de Colores: Prolongaci\u00f3n Lago de Xochimilco 5426, colonia Los Encinos.<\/p>\n\n\n\n<p>CAIC Mi Angelito: Prolongaci\u00f3n Monterrey 3920, frente a la plaza de Toros &#8220;Lauro Luis Longoria&#8221;.<\/p>\n\n\n\n<p>CAIC Lomas del R\u00edo: En la intersecci\u00f3n de las calles Cresp\u00f3n y L\u00edmite Sur, colonia Lomas del R\u00edo.<\/p>\n\n\n\n<p>Centro Asistencial de Desarrollo Infantil (CADI): Art\u00edculo 26, entre Art\u00edculo 28 y privada Hacienda Echegaray, en la colonia Constitucional.<\/p>\n\n\n\n<p>CAIC Mi Arco\u00edris: Calle Uni\u00f3n 111, esquina con Calle La Cruz, en la colonia Uni\u00f3n del Recuerdo.<\/p>\n\n\n\n<p>Mi Casa DIF: Aquiles Serd\u00e1n #1500, en el sector centro.<\/p>\n\n\n\n<p>San Nicol\u00e1s: Vista Jard\u00edn #55, colonia Las Alamedas.<\/p>\n\n\n\n<p>DIF Nuevo Laredo reafirma su compromiso con la educaci\u00f3n y el bienestar de la ni\u00f1ez, proporcionando espacios de aprendizaje y desarrollo integral para las familias de la comunidad.<\/p>\n","protected":false},"excerpt":{"rendered":"<p>Por: Staff | #NuevoLaredo #Laredo #NLD #Tamaulipas El Sistema para el Desarrollo Integral de la Familia (DIF) de Nuevo Laredo anunci\u00f3 la apertura del periodo de inscripciones para sus Centros Educativos, ofreciendo educaci\u00f3n preescolar en los tres niveles a ni\u00f1os de 3 a 6 a\u00f1os. Las inscripciones estar\u00e1n abiertas del 4 al 14 de febrero [&hellip;]<\/p>\n","protected":false},"author":1,"featured_media":12566,"comment_status":"open","ping_status":"open","sticky":false,"template":"","format":"standard","meta":{"footnotes":""},"categories":[31],"tags":[],"class_list":{"0":"post-12565","1":"post","2":"type-post","3":"status-publish","4":"format-standard","5":"has-post-thumbnail","7":"category-nuevo-laredo"},"amp_enabled":true,"_links":{"self":[{"href":"https:\/\/luisvaltierranoticias.com\/index.php?rest_route=\/wp\/v2\/posts\/12565","targetHints":{"allow":["GET"]}}],"collection":[{"href":"https:\/\/luisvaltierranoticias.com\/index.php?rest_route=\/wp\/v2\/posts"}],"about":[{"href":"https:\/\/luisvaltierranoticias.com\/index.php?rest_route=\/wp\/v2\/types\/post"}],"author":[{"embeddable":true,"href":"https:\/\/luisvaltierranoticias.com\/index.php?rest_route=\/wp\/v2\/users\/1"}],"replies":[{"embeddable":true,"href":"https:\/\/luisvaltierranoticias.com\/index.php?rest_route=%2Fwp%2Fv2%2Fcomments&post=12565"}],"version-history":[{"count":1,"href":"https:\/\/luisvaltierranoticias.com\/index.php?rest_route=\/wp\/v2\/posts\/12565\/revisions"}],"predecessor-version":[{"id":12567,"href":"https:\/\/luisvaltierranoticias.com\/index.php?rest_route=\/wp\/v2\/posts\/12565\/revisions\/12567"}],"wp:featuredmedia":[{"embeddable":true,"href":"https:\/\/luisvaltierranoticias.com\/index.php?rest_route=\/wp\/v2\/media\/12566"}],"wp:attachment":[{"href":"https:\/\/luisvaltierranoticias.com\/index.php?rest_route=%2Fwp%2Fv2%2Fmedia&parent=12565"}],"wp:term":[{"taxonomy":"category","embeddable":true,"href":"https:\/\/luisvaltierranoticias.com\/index.php?rest_route=%2Fwp%2Fv2%2Fcategories&post=12565"},{"taxonomy":"post_tag","embeddable":true,"href":"https:\/\/luisvaltierranoticias.com\/index.php?rest_route=%2Fwp%2Fv2%2Ftags&post=12565"}],"curies":[{"name":"wp","href":"https:\/\/api.w.org\/{rel}","templated":true}]}}