{"id":12561,"date":"2025-02-04T14:35:19","date_gmt":"2025-02-04T20:35:19","guid":{"rendered":"https:\/\/luisvaltierranoticias.com\/?p=12561"},"modified":"2025-02-04T14:35:21","modified_gmt":"2025-02-04T20:35:21","slug":"expone-artemarcialista-melissa-diaz-magistral-platica-de-superacion","status":"publish","type":"post","link":"https:\/\/luisvaltierranoticias.com\/?p=12561","title":{"rendered":"EXPONE ARTEMARCIALISTA MELISSA DIAZ MAGISTRAL PL\u00c1TICA DE SUPERACI\u00d3N"},"content":{"rendered":"\n<p>Por: Staff | #NuevoLaredo #Laredo #NLD #Tamaulipas<\/p>\n\n\n\n<p>Nada ni nadie debe poner obst\u00e1culos para alcanzar los sue\u00f1os, esta fue la ense\u00f1anza que dej\u00f3 la subcampeona mundial de Artes Marciales Mixtas (MMA por su siglas en ingl\u00e9s) Yesenia \u201cNatural \u201c D\u00edaz\u201d durante la pl\u00e1tica que sostuvo en el auditorio \u201cLucio Blanco\u201d ante decenas de personas en Nuevo Laredo.<\/p>\n\n\n\n<p>Como parte de las actividades de formaci\u00f3n que lleva a cabo la Direcci\u00f3n de Cultura F\u00edsica y Deportes del Gobierno Municipal, la artemarcialista ofreci\u00f3 una emotiva pl\u00e1tica a deportistas de la ciudad.<\/p>\n\n\n\n<p>En su m\u00e1s reciente participaci\u00f3n, D\u00edaz, logr\u00f3 el segundo lugar en el campeonato Mundial de MMA en Uzbekist\u00e1n; con lo que se ubic\u00f3 en la \u00e9lite de esta disciplina y puso a esta ciudad en el mapa universal.<\/p>\n\n\n\n<p>La Natural manifiest\u00f3 su agradecimiento eterno a la alcaldesa Carmen Lilia Canturosas por apoyarla sin escatimar, estar al pendiente de su participaci\u00f3n, antes, durante y despu\u00e9s de este importante torneo.<\/p>\n\n\n\n<p>\u201cYo le agradezco mucho, porque fue una de mis principales patrocinadores para asistir al mundial, me apoy\u00f3, se tom\u00f3 el tiempo para platicar conmigo, me pidi\u00f3 la pl\u00e1tica y le agradezco mucho a la alcaldesa Carmen Lilia\u201d, expres\u00f3 la deportista.<\/p>\n\n\n\n<p>Orgullosamente de Nuevo Laredo, en donde naci\u00f3 hace 24 a\u00f1os, La Natural cree que esta ciudad es fuente inagotable de talento, solo es cuesti\u00f3n de que lo externen.<\/p>\n\n\n\n<p>\u201cAmo a esta ciudad, no me gusta viajar porque ya quiero regresar, siento que de esta ciudad salen muchas cosas buenas, porque somos gente buena, muy trabajadora, tenemos mucha energ\u00eda, nada m\u00e1s es que a veces nos desenfocamos y perdemos el hilo\u201d, dice muy segura.<\/p>\n\n\n\n<p>A la mitad de su carrera, que la mantiene como la mejor de M\u00e9xico y n\u00famero dos del mundo; D\u00edaz tuvo un motivo que la hizo flaquear al momento que naci\u00f3 su hijo hace dos a\u00f1os, pero con trabajo, dedicaci\u00f3n y los entrenamientos de casi seis horas diarias supervisados por su padre Fernando, pudo salir adelante brincando obst\u00e1culos hasta posicionarse entre la \u00e9lite mundial de las artes marciales.<\/p>\n\n\n\n<p>\u201cMe han inculcado que cuando entrena, alguien est\u00e1 entrenando m\u00e1s duro que yo\u201d y eso la mantiene atenta y cuidando todo su entorno y tiene a la vista lograr encumbrarse en lo m\u00e1s alto de la MMA: ser la mejor de todo el planeta y ganar el siguiente Campeonato Mundial.<\/p>\n\n\n\n<p>La deportista, comparti\u00f3 con los presentes parte de su trayectoria y los desaf\u00edos que enfrent\u00f3 para llegar a esta competencia de talla mundial, dio algunos consejos y los invit\u00f3 a luchar por sus metas y enfocarse en sus entrenamientos.<\/p>\n","protected":false},"excerpt":{"rendered":"<p>Por: Staff | #NuevoLaredo #Laredo #NLD #Tamaulipas Nada ni nadie debe poner obst\u00e1culos para alcanzar los sue\u00f1os, esta fue la ense\u00f1anza que dej\u00f3 la subcampeona mundial de Artes Marciales Mixtas (MMA por su siglas en ingl\u00e9s) Yesenia \u201cNatural \u201c D\u00edaz\u201d durante la pl\u00e1tica que sostuvo en el auditorio \u201cLucio Blanco\u201d ante decenas de personas en [&hellip;]<\/p>\n","protected":false},"author":1,"featured_media":12562,"comment_status":"open","ping_status":"open","sticky":false,"template":"","format":"standard","meta":{"footnotes":""},"categories":[31],"tags":[],"class_list":{"0":"post-12561","1":"post","2":"type-post","3":"status-publish","4":"format-standard","5":"has-post-thumbnail","7":"category-nuevo-laredo"},"amp_enabled":true,"_links":{"self":[{"href":"https:\/\/luisvaltierranoticias.com\/index.php?rest_route=\/wp\/v2\/posts\/12561","targetHints":{"allow":["GET"]}}],"collection":[{"href":"https:\/\/luisvaltierranoticias.com\/index.php?rest_route=\/wp\/v2\/posts"}],"about":[{"href":"https:\/\/luisvaltierranoticias.com\/index.php?rest_route=\/wp\/v2\/types\/post"}],"author":[{"embeddable":true,"href":"https:\/\/luisvaltierranoticias.com\/index.php?rest_route=\/wp\/v2\/users\/1"}],"replies":[{"embeddable":true,"href":"https:\/\/luisvaltierranoticias.com\/index.php?rest_route=%2Fwp%2Fv2%2Fcomments&post=12561"}],"version-history":[{"count":1,"href":"https:\/\/luisvaltierranoticias.com\/index.php?rest_route=\/wp\/v2\/posts\/12561\/revisions"}],"predecessor-version":[{"id":12563,"href":"https:\/\/luisvaltierranoticias.com\/index.php?rest_route=\/wp\/v2\/posts\/12561\/revisions\/12563"}],"wp:featuredmedia":[{"embeddable":true,"href":"https:\/\/luisvaltierranoticias.com\/index.php?rest_route=\/wp\/v2\/media\/12562"}],"wp:attachment":[{"href":"https:\/\/luisvaltierranoticias.com\/index.php?rest_route=%2Fwp%2Fv2%2Fmedia&parent=12561"}],"wp:term":[{"taxonomy":"category","embeddable":true,"href":"https:\/\/luisvaltierranoticias.com\/index.php?rest_route=%2Fwp%2Fv2%2Fcategories&post=12561"},{"taxonomy":"post_tag","embeddable":true,"href":"https:\/\/luisvaltierranoticias.com\/index.php?rest_route=%2Fwp%2Fv2%2Ftags&post=12561"}],"curies":[{"name":"wp","href":"https:\/\/api.w.org\/{rel}","templated":true}]}}