{"id":12553,"date":"2025-02-03T20:01:40","date_gmt":"2025-02-04T02:01:40","guid":{"rendered":"https:\/\/luisvaltierranoticias.com\/?p=12553"},"modified":"2025-02-03T20:01:42","modified_gmt":"2025-02-04T02:01:42","slug":"respalda-cheko-ojeda-a-claudia-sheinbaum-ante-acusacion-de-donald-trump","status":"publish","type":"post","link":"https:\/\/luisvaltierranoticias.com\/?p=12553","title":{"rendered":"Respalda \u201cCheko\u201d Ojeda a Claudia Sheinbaum ante acusaci\u00f3n de Donald Trump"},"content":{"rendered":"\n<p>Por: Staff | #NuevoLaredo #Laredo #NLD #Tamaulipas<\/p>\n\n\n\n<p>El diputado local se sum\u00f3 y respald\u00f3 la postura de la presidenta del pa\u00eds, donde las acusaciones del Gobierno de Estados Unidos a M\u00e9xico carecen de sustento.<\/p>\n\n\n\n<p>Tamaulipas.-La presidenta del pa\u00eds Claudia Sheinbaum Pardo, recibi\u00f3 apoyo total del diputado local de Tamaulipas, Sergio \u201cCheko\u201d Ojeda Castillo, tras las acusaciones del presidente Donald Trump, que sugieren presuntos nexos entre el gobierno nacional y c\u00e1rteles.<\/p>\n\n\n\n<p>El legislador por MORENA, conden\u00f3 en\u00e9rgicamente la denuncia del presidente de Estados Unidos la cual carece de sustento, adem\u00e1s que ignora el trabajo y esfuerzo del Gobierno Federal que encabeza Claudia Sheinbaum Pardo para restablecer la paz en el pa\u00eds.<\/p>\n\n\n\n<p>\u201cEstamos con usted Presidenta Claudia Sheinbaum Pardo, no est\u00e1 sola, con el pueblo todo, sin el pueblo nada. M\u00e9xico est\u00e1 con usted\u201d, puntualiz\u00f3 el diputado Sergio \u201cCheko\u201d Ojeda.<\/p>\n\n\n\n<p>El legislador destac\u00f3 que, las estrategias de imposici\u00f3n de aranceles no resuelven los problemas que padece Estados Unidos de salud p\u00fablica, sino trav\u00e9s del di\u00e1logo entre los dos gobiernos.<\/p>\n\n\n\n<p>Sergio \u201cCheko\u201d Ojeda, reiter\u00f3 el apoyo a la presidenta Claudia Sheinbaum y rechaz\u00f3 la calumnia que hizo la Casa Blanca al Gobierno de M\u00e9xico de tener supuestas alianzas con organizaciones criminales.<\/p>\n","protected":false},"excerpt":{"rendered":"<p>Por: Staff | #NuevoLaredo #Laredo #NLD #Tamaulipas El diputado local se sum\u00f3 y respald\u00f3 la postura de la presidenta del pa\u00eds, donde las acusaciones del Gobierno de Estados Unidos a M\u00e9xico carecen de sustento. Tamaulipas.-La presidenta del pa\u00eds Claudia Sheinbaum Pardo, recibi\u00f3 apoyo total del diputado local de Tamaulipas, Sergio \u201cCheko\u201d Ojeda Castillo, tras las [&hellip;]<\/p>\n","protected":false},"author":1,"featured_media":12554,"comment_status":"open","ping_status":"open","sticky":false,"template":"","format":"standard","meta":{"footnotes":""},"categories":[53],"tags":[],"class_list":{"0":"post-12553","1":"post","2":"type-post","3":"status-publish","4":"format-standard","5":"has-post-thumbnail","7":"category-tamaulipas"},"amp_enabled":true,"_links":{"self":[{"href":"https:\/\/luisvaltierranoticias.com\/index.php?rest_route=\/wp\/v2\/posts\/12553","targetHints":{"allow":["GET"]}}],"collection":[{"href":"https:\/\/luisvaltierranoticias.com\/index.php?rest_route=\/wp\/v2\/posts"}],"about":[{"href":"https:\/\/luisvaltierranoticias.com\/index.php?rest_route=\/wp\/v2\/types\/post"}],"author":[{"embeddable":true,"href":"https:\/\/luisvaltierranoticias.com\/index.php?rest_route=\/wp\/v2\/users\/1"}],"replies":[{"embeddable":true,"href":"https:\/\/luisvaltierranoticias.com\/index.php?rest_route=%2Fwp%2Fv2%2Fcomments&post=12553"}],"version-history":[{"count":1,"href":"https:\/\/luisvaltierranoticias.com\/index.php?rest_route=\/wp\/v2\/posts\/12553\/revisions"}],"predecessor-version":[{"id":12555,"href":"https:\/\/luisvaltierranoticias.com\/index.php?rest_route=\/wp\/v2\/posts\/12553\/revisions\/12555"}],"wp:featuredmedia":[{"embeddable":true,"href":"https:\/\/luisvaltierranoticias.com\/index.php?rest_route=\/wp\/v2\/media\/12554"}],"wp:attachment":[{"href":"https:\/\/luisvaltierranoticias.com\/index.php?rest_route=%2Fwp%2Fv2%2Fmedia&parent=12553"}],"wp:term":[{"taxonomy":"category","embeddable":true,"href":"https:\/\/luisvaltierranoticias.com\/index.php?rest_route=%2Fwp%2Fv2%2Fcategories&post=12553"},{"taxonomy":"post_tag","embeddable":true,"href":"https:\/\/luisvaltierranoticias.com\/index.php?rest_route=%2Fwp%2Fv2%2Ftags&post=12553"}],"curies":[{"name":"wp","href":"https:\/\/api.w.org\/{rel}","templated":true}]}}