{"id":12544,"date":"2025-02-03T19:51:42","date_gmt":"2025-02-04T01:51:42","guid":{"rendered":"https:\/\/luisvaltierranoticias.com\/?p=12544"},"modified":"2025-02-03T19:51:45","modified_gmt":"2025-02-04T01:51:45","slug":"participa-desarrollo-rural-tamaulipas-en-la-reunion-binacional-de-tuberculosis-y-brucelosis","status":"publish","type":"post","link":"https:\/\/luisvaltierranoticias.com\/?p=12544","title":{"rendered":"Participa Desarrollo Rural Tamaulipas en la Reuni\u00f3n Binacional de Tuberculosis y Brucelosis"},"content":{"rendered":"\n<p>Por: Agencias<\/p>\n\n\n\n<p>San Antonio, Texas.- El secretario de Desarrollo Rural, Pesca y Acuacultura, Antonio Varela Flores asisti\u00f3 a la Reuni\u00f3n Binacional de Tuberculosis y Brucelosis, con el Departamento de Agricultura de Estados Unidos, USDA \/APHIS, evento que tiene como finalidad reunir a expertos y autoridades de dos pa\u00edses para discutir estrategias, experiencias y acciones conjuntas en la lucha contra la tuberculosis (TB) y la brucelosis, dos enfermedades que afectan a la ganader\u00eda de Tamaulipas.<\/p>\n\n\n\n<p>Dijo que este tipo de encuentros busca fortalecer la colaboraci\u00f3n bilateral entre pa\u00edses para el control y prevenci\u00f3n de estas enfermedades del ganado, actualizar conocimientos sobre los avances en diagn\u00f3stico, tratamiento y prevenci\u00f3n de la tuberculosis y la brucelosis, compartir buenas pr\u00e1cticas y lecciones aprendidas sobre la gesti\u00f3n de estas enfermedades en ambos pa\u00edses, adem\u00e1s de promover pol\u00edticas p\u00fablicas que favorezcan la reducci\u00f3n de la incidencia de estas enfermedades a nivel regional.<\/p>\n\n\n\n<p>Otros de los temas que se abordaron durante la reuni\u00f3n binacional son: expertos en garrapatas, actualizaci\u00f3n sobre el brote de gusano barrenador del Nuevo Mundo \u2013 SENASICA, la tuberculosis o la garrapata de la fiebre del ganado, tambi\u00e9n hubo una reuni\u00f3n conjunta entre USDA, SADER, miembros de los dos comit\u00e9s binacionales y ganaderos<\/p>\n\n\n\n<p>En dichos encuentros participaron miembros del comit\u00e9, personal del USDA \/APHIS y de SADER\/SENASICA, personal de Comit\u00e9s de Fomento de M\u00e9xico, ganaderos de M\u00e9xico y de los Estados Unidos\u201d, destac\u00f3.<\/p>\n\n\n\n<p>El evento cont\u00f3 con la asistencia de Homero Garc\u00eda de la Llata, presidente de la Confederaci\u00f3n Nacional de Organizaciones Ganaderas; Gabriel Ayala Borunda, director de Campa\u00f1as Zoosanitarias del SENASICA, Jos\u00e9 Ram\u00f3n Guerrero Gamboa, presidente de la Uni\u00f3n Ganadera Regional de Tamaulipas; Juan Ram\u00f3n Gonz\u00e1lez S\u00e1enz Pardo, coordinador del comit\u00e9 binacional; Cuauht\u00e9moc Amaya Garc\u00eda, subsecretario de Desarrollo Pecuario y Forestal; Antonio Nogales Bautista, gerente general de la Uni\u00f3n Ganadera Regional de Tamaulipas, y Narciso Cuesta Acosta, coordinador de la campa\u00f1a contra la garrapata.<\/p>\n","protected":false},"excerpt":{"rendered":"<p>Por: Agencias San Antonio, Texas.- El secretario de Desarrollo Rural, Pesca y Acuacultura, Antonio Varela Flores asisti\u00f3 a la Reuni\u00f3n Binacional de Tuberculosis y Brucelosis, con el Departamento de Agricultura de Estados Unidos, USDA \/APHIS, evento que tiene como finalidad reunir a expertos y autoridades de dos pa\u00edses para discutir estrategias, experiencias y acciones conjuntas [&hellip;]<\/p>\n","protected":false},"author":1,"featured_media":12545,"comment_status":"open","ping_status":"open","sticky":false,"template":"","format":"standard","meta":{"footnotes":""},"categories":[53],"tags":[],"class_list":{"0":"post-12544","1":"post","2":"type-post","3":"status-publish","4":"format-standard","5":"has-post-thumbnail","7":"category-tamaulipas"},"amp_enabled":true,"_links":{"self":[{"href":"https:\/\/luisvaltierranoticias.com\/index.php?rest_route=\/wp\/v2\/posts\/12544","targetHints":{"allow":["GET"]}}],"collection":[{"href":"https:\/\/luisvaltierranoticias.com\/index.php?rest_route=\/wp\/v2\/posts"}],"about":[{"href":"https:\/\/luisvaltierranoticias.com\/index.php?rest_route=\/wp\/v2\/types\/post"}],"author":[{"embeddable":true,"href":"https:\/\/luisvaltierranoticias.com\/index.php?rest_route=\/wp\/v2\/users\/1"}],"replies":[{"embeddable":true,"href":"https:\/\/luisvaltierranoticias.com\/index.php?rest_route=%2Fwp%2Fv2%2Fcomments&post=12544"}],"version-history":[{"count":1,"href":"https:\/\/luisvaltierranoticias.com\/index.php?rest_route=\/wp\/v2\/posts\/12544\/revisions"}],"predecessor-version":[{"id":12546,"href":"https:\/\/luisvaltierranoticias.com\/index.php?rest_route=\/wp\/v2\/posts\/12544\/revisions\/12546"}],"wp:featuredmedia":[{"embeddable":true,"href":"https:\/\/luisvaltierranoticias.com\/index.php?rest_route=\/wp\/v2\/media\/12545"}],"wp:attachment":[{"href":"https:\/\/luisvaltierranoticias.com\/index.php?rest_route=%2Fwp%2Fv2%2Fmedia&parent=12544"}],"wp:term":[{"taxonomy":"category","embeddable":true,"href":"https:\/\/luisvaltierranoticias.com\/index.php?rest_route=%2Fwp%2Fv2%2Fcategories&post=12544"},{"taxonomy":"post_tag","embeddable":true,"href":"https:\/\/luisvaltierranoticias.com\/index.php?rest_route=%2Fwp%2Fv2%2Ftags&post=12544"}],"curies":[{"name":"wp","href":"https:\/\/api.w.org\/{rel}","templated":true}]}}