{"id":12534,"date":"2025-02-03T12:37:48","date_gmt":"2025-02-03T18:37:48","guid":{"rendered":"https:\/\/luisvaltierranoticias.com\/?p=12534"},"modified":"2025-02-03T12:37:50","modified_gmt":"2025-02-03T18:37:50","slug":"abren-preinscripciones-para-preparatorias-municipales","status":"publish","type":"post","link":"https:\/\/luisvaltierranoticias.com\/?p=12534","title":{"rendered":"ABREN PREINSCRIPCIONES PARA PREPARATORIAS MUNICIPALES"},"content":{"rendered":"\n<p>Por: Staff | #NuevoLaredo #Laredo #NLD #Tamaulipas<\/p>\n\n\n\n<p>El Gobierno Municipal de Nuevo Laredo, a trav\u00e9s de la Secretar\u00eda de Educaci\u00f3n, Cultura y Deporte, informa que del 4 al 7 de febrero estar\u00e1n abiertas las preinscripciones para las Preparatorias Municipales.<\/p>\n\n\n\n<p>Los estudiantes que actualmente cursan tercer grado de secundaria podr\u00e1n registrarse en l\u00ednea para asegurar su lugar en alguno de los tres planteles disponibles:<\/p>\n\n\n\n<p>Preparatoria Municipal Jos\u00e9 Vasconcelos<\/p>\n\n\n\n<p>Preparatoria Municipal Manuel G\u00f3mez Mor\u00edn<\/p>\n\n\n\n<p>Preparatoria Municipal Elena Poniatowska<\/p>\n\n\n\n<p>El enlace para el registro ser\u00e1 publicado pr\u00f3ximamente en los canales oficiales de la Secretar\u00eda de Educaci\u00f3n, Cultura y Deporte.<\/p>\n\n\n\n<p>Para m\u00e1s informaci\u00f3n, se invita a los aspirantes y sus familias a mantenerse atentos a las plataformas digitales del Gobierno Municipal.<\/p>\n","protected":false},"excerpt":{"rendered":"<p>Por: Staff | #NuevoLaredo #Laredo #NLD #Tamaulipas El Gobierno Municipal de Nuevo Laredo, a trav\u00e9s de la Secretar\u00eda de Educaci\u00f3n, Cultura y Deporte, informa que del 4 al 7 de febrero estar\u00e1n abiertas las preinscripciones para las Preparatorias Municipales. Los estudiantes que actualmente cursan tercer grado de secundaria podr\u00e1n registrarse en l\u00ednea para asegurar su [&hellip;]<\/p>\n","protected":false},"author":1,"featured_media":12535,"comment_status":"open","ping_status":"open","sticky":false,"template":"","format":"standard","meta":{"footnotes":""},"categories":[31],"tags":[],"class_list":{"0":"post-12534","1":"post","2":"type-post","3":"status-publish","4":"format-standard","5":"has-post-thumbnail","7":"category-nuevo-laredo"},"amp_enabled":true,"_links":{"self":[{"href":"https:\/\/luisvaltierranoticias.com\/index.php?rest_route=\/wp\/v2\/posts\/12534","targetHints":{"allow":["GET"]}}],"collection":[{"href":"https:\/\/luisvaltierranoticias.com\/index.php?rest_route=\/wp\/v2\/posts"}],"about":[{"href":"https:\/\/luisvaltierranoticias.com\/index.php?rest_route=\/wp\/v2\/types\/post"}],"author":[{"embeddable":true,"href":"https:\/\/luisvaltierranoticias.com\/index.php?rest_route=\/wp\/v2\/users\/1"}],"replies":[{"embeddable":true,"href":"https:\/\/luisvaltierranoticias.com\/index.php?rest_route=%2Fwp%2Fv2%2Fcomments&post=12534"}],"version-history":[{"count":1,"href":"https:\/\/luisvaltierranoticias.com\/index.php?rest_route=\/wp\/v2\/posts\/12534\/revisions"}],"predecessor-version":[{"id":12536,"href":"https:\/\/luisvaltierranoticias.com\/index.php?rest_route=\/wp\/v2\/posts\/12534\/revisions\/12536"}],"wp:featuredmedia":[{"embeddable":true,"href":"https:\/\/luisvaltierranoticias.com\/index.php?rest_route=\/wp\/v2\/media\/12535"}],"wp:attachment":[{"href":"https:\/\/luisvaltierranoticias.com\/index.php?rest_route=%2Fwp%2Fv2%2Fmedia&parent=12534"}],"wp:term":[{"taxonomy":"category","embeddable":true,"href":"https:\/\/luisvaltierranoticias.com\/index.php?rest_route=%2Fwp%2Fv2%2Fcategories&post=12534"},{"taxonomy":"post_tag","embeddable":true,"href":"https:\/\/luisvaltierranoticias.com\/index.php?rest_route=%2Fwp%2Fv2%2Ftags&post=12534"}],"curies":[{"name":"wp","href":"https:\/\/api.w.org\/{rel}","templated":true}]}}